{"id":155212,"date":"2025-11-17T15:12:10","date_gmt":"2025-11-17T15:12:10","guid":{"rendered":"https:\/\/www.europesays.com\/pt\/155212\/"},"modified":"2025-11-17T15:12:10","modified_gmt":"2025-11-17T15:12:10","slug":"dua-lipa-abre-album-de-fotos-de-viagem-em-sao-paulo-gshow","status":"publish","type":"post","link":"https:\/\/www.europesays.com\/pt\/155212\/","title":{"rendered":"Dua Lipa abre \u00e1lbum de fotos de viagem em S\u00e3o Paulo &#8211; Gshow"},"content":{"rendered":"<ol>\n<li><a href=\"https:\/\/news.google.com\/rss\/articles\/CBMirgFBVV95cUxON2xLVUtUWTdVa3ZFRnFIYVk5UUlwQWlzaG90MFRrS2FlNEl1YU44dUt4S0FILUtkRkI1eGhvT09faloxQ3JwZ0k0MFVFd0lJUVVOWTNuQ1NPNWlPWERRZkNIdFlSalVKQWsxYUh6XzJxdmhzRlJXRXlVZkpaWWF3LVR1OGpHcWh1YzZxbjJpLVNhT0ppd3dLUmgxc0JNeHIxbGk5Y01EQWhhV05kZUHSAbwBQVVfeXFMTjlHYjNlV1ZwdUxsZHZZM0NGNWtucFdEaWp0WFRpbFZnUURYRXZQWFFkQlNrazhwZzhxSENMcmNuT3JtQ2lBd2RjRDRkRHp3YVhLX2diWGxKUFpHR25kSFctTTE4SUp4T1hPelJKU3duNVFwNzk3ekliSDJyVWNUWXRnNWxaVjgwZ2VKRWNxaUllLW0yc0VmS0thZ2dHZ2JLbTljMWtZak10UkhrTTh0TEFLbC0tRWtiSm5NUmE?oc=5\" target=\"_blank\" rel=\"nofollow noopener\">Dua Lipa abre \u00e1lbum de fotos de viagem em S\u00e3o Paulo<\/a>&nbsp;&nbsp;Gshow<\/li>\n<li><a href=\"https:\/\/news.google.com\/rss\/articles\/CBMieEFVX3lxTE5tcWE5MndHV2FQZkZWbFV0LWlCTmFzQjdDYlk5YUhYUzhrem4xdEpkTVE4bmxuY2tIaDQxUWpzR3JHZFhrUDhqWFZEdHpEWFZuM0VQczNaM0JLNW5nSFFtTllmZ0QtdFk3QWFEYi1iZXM0ZzlTV3ZOeg?oc=5\" target=\"_blank\" rel=\"nofollow noopener\">Dua Lipa aparece curtindo festa no interior de SP ap\u00f3s show lotado V\u00eddeo<\/a>&nbsp;&nbsp;Metr\u00f3poles<\/li>\n<li><a href=\"https:\/\/news.google.com\/rss\/articles\/CBMixgFBVV95cUxQb0hoRjZxakRkSjhnaUx5dkFGMUI2V3FGbE5acUNNVWpHRFpoT3h6ajdzeGY3dldROEJMLVhrbS1rS3Bfb2xVRi1vanV3UXZrclB2eV9fWk5zSVU1SjJJaU51Mi1FUVVkbi1OOEFSbkNtTFlzVVBrR0tCc1lzd3RDRHlHTi1TZFhLTlFNSVVfa2FfbHNMb2M5elpDNERnWjVUSW43dG5TSkVIMnlzMDRJUC1kcGhfX2FZRGdUUldqLXJCMzczMmfSAcsBQVVfeXFMUEdId0c3aTFqcUE5S3B6WmtFQ1pyZnFfUFYzNWxoMDQtRjdobUZERm13dnBZLWE1N2t6QTZLYnlVeWhTcHBZQlRKcWVueGU0b2RqQVZtZUdOLWJ6LWtvU0gyelRDWmwyTHlMTEhNSDhZTWVoNzUyX3JLOVFINWxvRjROTmU2d1MyaHVWNUFIWWcwMGxWM3BFbnlYOU1wWHhfRzNzOVVGLUtZSU5QM1hMZDJGdldkODB2dEZrcjNKQk1iTDR3SWJZQ0MxX0U?oc=5\" target=\"_blank\" rel=\"nofollow noopener\">Dua Lipa, Shawn Mendes e mais famosos v\u00e3o a festa com pagode em S\u00e3o Paulo<\/a>&nbsp;&nbsp;UOL<\/li>\n<li><a href=\"https:\/\/news.google.com\/rss\/articles\/CBMiywFBVV95cUxPeC1KRnlzQ2M2VUs2eXJPU0JsNlBwVEJLTDV0Z1BaVDdBQWRrQTQwUmhINkRLM2ljWEtQcTRKYjgwYXFKb1NHdW5KZ1NGRHhwZ1l2SmgyRDBGdXVtVW8tSEZzeWM0YnNvZ1hkNTU1QS1ZTmxsa3paV1FjeW9wdXVhdXZKNjZ4bWNvYlhmTWlSWVZ3TDRoSlF4Y0RFclJvRjhvTVM0N1JrZ1VZWm42ZV9SOWZROVJqS0ljWFVOOWtSUkE2Vkg0aVRnWk9XWQ?oc=5\" target=\"_blank\" rel=\"nofollow noopener\">Roda de samba e festa de m\u00fasica eletr\u00f4nica: os rol\u00eas de Dua Lipa por SP<\/a>&nbsp;&nbsp;Jornal de Bras\u00edlia<\/li>\n<li><a href=\"https:\/\/news.google.com\/rss\/articles\/CBMi9gFBVV95cUxQbTRvbHZZYTFCdTRiNVBjYkNQVl9BU0hQajFUZUh3dVA2djBVLXMyS252elR0QlYwMVF2aUJjQ2hiYXVBaktNZGY1dDlkMnJUSEdKNzIxSEl1UjU1cjU5WnZOR0JMdEx2NWJGNFRqWW9MOWFMSGJPNHRHdTgtVXNsbmViMVFqX1g2WTRYaTZWVi1XdEJFU2ZWS1ZIUjlpTGVPNDZzaVF6d25JYi1ULXNrMzdmVW15cVh5SmFlOHF5NU9fbmRld3QxNXFyVENVcHpHVWpLanZ0NkVCMC0zTzJTajRaSXlENjlYNF94SkVXeXJPQ2Rwb2c?oc=5\" target=\"_blank\" rel=\"nofollow noopener\">Bruna Marquezine, de couro, curte samba com Dua Lipa, de oncinha<\/a>&nbsp;&nbsp;Terra<\/li>\n<\/ol>\n","protected":false},"excerpt":{"rendered":"Dua Lipa abre \u00e1lbum de fotos de viagem em S\u00e3o Paulo&nbsp;&nbsp;Gshow Dua Lipa aparece curtindo festa no interior&hellip;\n","protected":false},"author":2,"featured_media":155213,"comment_status":"","ping_status":"","sticky":false,"template":"","format":"standard","meta":{"footnotes":""},"categories":[141],"tags":[114,115,149,150,32,33],"class_list":{"0":"post-155212","1":"post","2":"type-post","3":"status-publish","4":"format-standard","5":"has-post-thumbnail","7":"category-musica","8":"tag-entertainment","9":"tag-entretenimento","10":"tag-music","11":"tag-musica","12":"tag-portugal","13":"tag-pt"},"share_on_mastodon":{"url":"https:\/\/pubeurope.com\/@pt\/115565687174026863","error":""},"_links":{"self":[{"href":"https:\/\/www.europesays.com\/pt\/wp-json\/wp\/v2\/posts\/155212","targetHints":{"allow":["GET"]}}],"collection":[{"href":"https:\/\/www.europesays.com\/pt\/wp-json\/wp\/v2\/posts"}],"about":[{"href":"https:\/\/www.europesays.com\/pt\/wp-json\/wp\/v2\/types\/post"}],"author":[{"embeddable":true,"href":"https:\/\/www.europesays.com\/pt\/wp-json\/wp\/v2\/users\/2"}],"replies":[{"embeddable":true,"href":"https:\/\/www.europesays.com\/pt\/wp-json\/wp\/v2\/comments?post=155212"}],"version-history":[{"count":0,"href":"https:\/\/www.europesays.com\/pt\/wp-json\/wp\/v2\/posts\/155212\/revisions"}],"wp:featuredmedia":[{"embeddable":true,"href":"https:\/\/www.europesays.com\/pt\/wp-json\/wp\/v2\/media\/155213"}],"wp:attachment":[{"href":"https:\/\/www.europesays.com\/pt\/wp-json\/wp\/v2\/media?parent=155212"}],"wp:term":[{"taxonomy":"category","embeddable":true,"href":"https:\/\/www.europesays.com\/pt\/wp-json\/wp\/v2\/categories?post=155212"},{"taxonomy":"post_tag","embeddable":true,"href":"https:\/\/www.europesays.com\/pt\/wp-json\/wp\/v2\/tags?post=155212"}],"curies":[{"name":"wp","href":"https:\/\/api.w.org\/{rel}","templated":true}]}}