{"id":155250,"date":"2025-11-17T15:42:08","date_gmt":"2025-11-17T15:42:08","guid":{"rendered":"https:\/\/www.europesays.com\/pt\/155250\/"},"modified":"2025-11-17T15:42:08","modified_gmt":"2025-11-17T15:42:08","slug":"the-legend-of-zelda-primeiras-imagens-do-filme-live-action","status":"publish","type":"post","link":"https:\/\/www.europesays.com\/pt\/155250\/","title":{"rendered":"The Legend of Zelda | Primeiras imagens do filme live-action"},"content":{"rendered":"<p>A <strong>Nintendo <\/strong>revelou as primeiras imagens oficiais de <strong>The Legend of Zelda<\/strong>, filme inspirado na franquia de games hom\u00f4nima. S\u00e3o tr\u00eas fotos, todas mostrando os protagonistas Link e Zelda em um grande campo de grama. Confira:<\/p>\n<p>As imagens foram divulgadas no aplicativo <strong>Nintendo Today<\/strong>, que distribui algumas not\u00edcias ligadas \u00e0 Big N de forma exclusiva. Os &#8220;teasers&#8221; chegam logo ap\u00f3s a confirma\u00e7\u00e3o do in\u00edcio das filmagens, e das consequentes fotos vazadas do set.<\/p>\n<p>            Continua depois da Publicidade<\/p>\n<p>Previsto para estrear em 7 de maio de 2027, The Legend of Zelda ter\u00e1<strong> Bo Bragason<\/strong> como a princesa protagonista, e <strong>Benjamin Evan Ainsworth<\/strong> como Link.<\/p>\n<p>    Tudo sobre o filme em live-action de\u00a0The Legend of Zelda<\/p>\n<p>Originalmente lan\u00e7ada em 1986, a franquia\u00a0The Legend of Zelda\u00a0\u00e9 uma das mais premiadas, bem sucedidas, influentes e cultuadas franquias da hist\u00f3ria dos games.\u00a0A trama de cada jogo traz diferentes vers\u00f5es de Link, um corajoso guerreiro, Zelda, a princesa de Hyrule e Ganon, um senhor da guerra maligno que virou um rei dem\u00f4nio. Alguns dos principais t\u00edtulos da franquia s\u00e3o\u00a0Ocarina of Time,\u00a0Majora&#8217;s Mask\u00a0e\u00a0Breath of the Wild. Por ora, n\u00e3o se sabe se alguma encarna\u00e7\u00e3o espec\u00edfica da trama ser\u00e1 adaptada, ou se a Nintendo e os produtores trabalhar\u00e3o em uma hist\u00f3ria original.<\/p>\n<p><a data-mrf-link=\"https:\/\/www.mundo-ticket.com\/pt\/evento\/ccxp25\/checkout\/ingresso?utm_source=omelete&amp;utm_medium=sitelink-site-&amp;utm_campaign=omelete-25&amp;utm_content=id_202500392\" href=\"https:\/\/www.mundo-ticket.com\/pt\/evento\/ccxp25\/checkout\/ingresso?utm_source=omelete&amp;utm_medium=sitelink-site-&amp;utm_campaign=omelete-25&amp;utm_content=id_202500392\" rel=\"nofollow noopener\" target=\"_blank\">CCXP25: ingressos \u00e0 venda para todos os dias! Garanta o seu para viver o \u00e9pico!<\/a><\/p>\n<p>O live-action de\u00a0The Legend of Zelda\u00a0ser\u00e1 dirigido por\u00a0<strong>Wes Ball,<\/strong>\u00a0conhecido por comandar filmes da saga\u00a0Maze Ranner\u00a0e tamb\u00e9m\u00a0Planeta dos Macacos: O Reinado.\u00a0A estreia est\u00e1 prevista para 2027.<\/p>\n<p>            Continua depois da Publicidade<\/p>\n","protected":false},"excerpt":{"rendered":"A Nintendo revelou as primeiras imagens oficiais de The Legend of Zelda, filme inspirado na franquia de games&hellip;\n","protected":false},"author":2,"featured_media":155251,"comment_status":"","ping_status":"","sticky":false,"template":"","format":"standard","meta":{"footnotes":""},"categories":[140],"tags":[114,115,147,148,146,32,33],"class_list":{"0":"post-155250","1":"post","2":"type-post","3":"status-publish","4":"format-standard","5":"has-post-thumbnail","7":"category-filmes","8":"tag-entertainment","9":"tag-entretenimento","10":"tag-film","11":"tag-filmes","12":"tag-movies","13":"tag-portugal","14":"tag-pt"},"share_on_mastodon":{"url":"https:\/\/pubeurope.com\/@pt\/115565805339589189","error":""},"_links":{"self":[{"href":"https:\/\/www.europesays.com\/pt\/wp-json\/wp\/v2\/posts\/155250","targetHints":{"allow":["GET"]}}],"collection":[{"href":"https:\/\/www.europesays.com\/pt\/wp-json\/wp\/v2\/posts"}],"about":[{"href":"https:\/\/www.europesays.com\/pt\/wp-json\/wp\/v2\/types\/post"}],"author":[{"embeddable":true,"href":"https:\/\/www.europesays.com\/pt\/wp-json\/wp\/v2\/users\/2"}],"replies":[{"embeddable":true,"href":"https:\/\/www.europesays.com\/pt\/wp-json\/wp\/v2\/comments?post=155250"}],"version-history":[{"count":0,"href":"https:\/\/www.europesays.com\/pt\/wp-json\/wp\/v2\/posts\/155250\/revisions"}],"wp:featuredmedia":[{"embeddable":true,"href":"https:\/\/www.europesays.com\/pt\/wp-json\/wp\/v2\/media\/155251"}],"wp:attachment":[{"href":"https:\/\/www.europesays.com\/pt\/wp-json\/wp\/v2\/media?parent=155250"}],"wp:term":[{"taxonomy":"category","embeddable":true,"href":"https:\/\/www.europesays.com\/pt\/wp-json\/wp\/v2\/categories?post=155250"},{"taxonomy":"post_tag","embeddable":true,"href":"https:\/\/www.europesays.com\/pt\/wp-json\/wp\/v2\/tags?post=155250"}],"curies":[{"name":"wp","href":"https:\/\/api.w.org\/{rel}","templated":true}]}}