{"id":155280,"date":"2025-11-17T16:02:29","date_gmt":"2025-11-17T16:02:29","guid":{"rendered":"https:\/\/www.europesays.com\/pt\/155280\/"},"modified":"2025-11-17T16:02:29","modified_gmt":"2025-11-17T16:02:29","slug":"nossa-senhora-aparecia-em-fatima-10-anos-seguidos-e-a-sexta-vez-ja-diziam-boa-tarde-na-web-summit-dizem-informaticos-em-moscavide-2","status":"publish","type":"post","link":"https:\/\/www.europesays.com\/pt\/155280\/","title":{"rendered":"\u201cNossa Senhora aparecia em F\u00e1tima 10 anos seguidos e \u00e0 sexta vez j\u00e1 diziam: \u2018Boa tarde\u2019. Na Web Summit dizem: \u2018Inform\u00e1ticos, em Moscavide?\u2019\u201d"},"content":{"rendered":"<p>SIC<\/p>\n<p>\u201cTivemos a d\u00e9cima edi\u00e7\u00e3o da Web Summit e os respons\u00e1veis pol\u00edticos continuam a reagir como se fossem chimpanz\u00e9s a quem mostraram um microondas\u201d, atira Ricardo Ara\u00fajo Pereira no Isto \u00e9 Gozar Com Quem Trabalha em podcast. A confer\u00eancia de tecnologia esteve carregada de parolice, que se manifestou de diversas formas: \u201cgestos de amplitude exagerada\u201d, \u201chist\u00f3rias banal\u00edssimas contadas como se fossem extraordin\u00e1rias\u201d, \u201cdeslumbramento com celebridades\u201d, entre outras variantes.<\/p>\n<p>Na Sa\u00fade, confirmou-se que o dermatologista Miguel Alpalh\u00e3o, do hospital Santa Maria, \u201cganhava mais sozinho do que todo o servi\u00e7o de dermatologia do hospital de Coimbra\u201d.<\/p>\n<p>SIC<\/p>\n<p class=\"category\"><a href=\"https:\/\/expresso.pt\/podcasts\/isto-e-gozar-com-quem-trabalha\" rel=\"nofollow noopener\" target=\"_blank\">Isto \u00c9 Gozar Com Quem Trabalha<\/a><\/p>\n<p class=\"follow-link\"><a href=\"https:\/\/expresso.pt\/podcasts\/isto-e-gozar-com-quem-trabalha\/2025-11-16-nos-cargos-em-que-estive-menos-tempo-sai-por-desavencas-com-os-acionistas.-nao-tenho-exoneracao-precoce-e-intolerancia-precoce-a-burrice-bee6a013\" rel=\"canonical nofollow noopener\" target=\"_blank\">Leia tamb\u00e9m<\/a><\/p>\n<p>Jos\u00e9 S\u00f3crates arranjou uma nova estrat\u00e9gia para atrasar ainda mais o seu julgamento e Andr\u00e9 Ventura voltou a ir \u00e0 televis\u00e3o, desta vez para garantir a J\u00falia Pinheiro que tem prep\u00facio. \u201cN\u00e3o sei se os outros candidatos presidenciais t\u00eam coragem de vir aqui falar do seu garru\u00e7o, mas eu tenho.\u201d<\/p>\n<p>O Isto \u00e9 Gozar Com Quem Trabalha foi emitido na SIC a 16 de outubro e na segunda parte contou com a presen\u00e7a de Jo\u00e3o Cotrim Figueiredo, candidato \u00e0 Presid\u00eancia da Rep\u00fablica apoiado pela Iniciativa Liberal.<\/p>\n<p>\u201cNormalmente, as pessoas de quem a gente fala t\u00eam empregos a s\u00e9rio, ao contr\u00e1rio de n\u00f3s. S\u00e3o ministros, empres\u00e1rios, banqueiros\u2026 Basicamente, o que a gente faz \u00e9 gozar com quem trabalha\u201d R.A.P. Ou\u00e7a mais epis\u00f3dios:<\/p>\n","protected":false},"excerpt":{"rendered":"SIC \u201cTivemos a d\u00e9cima edi\u00e7\u00e3o da Web Summit e os respons\u00e1veis pol\u00edticos continuam a reagir como se fossem&hellip;\n","protected":false},"author":2,"featured_media":155077,"comment_status":"","ping_status":"","sticky":false,"template":"","format":"standard","meta":{"footnotes":""},"categories":[83],"tags":[88,89,90,32,33],"class_list":{"0":"post-155280","1":"post","2":"type-post","3":"status-publish","4":"format-standard","5":"has-post-thumbnail","7":"category-empresas","8":"tag-business","9":"tag-economy","10":"tag-empresas","11":"tag-portugal","12":"tag-pt"},"share_on_mastodon":{"url":"https:\/\/pubeurope.com\/@pt\/115565883993513528","error":""},"_links":{"self":[{"href":"https:\/\/www.europesays.com\/pt\/wp-json\/wp\/v2\/posts\/155280","targetHints":{"allow":["GET"]}}],"collection":[{"href":"https:\/\/www.europesays.com\/pt\/wp-json\/wp\/v2\/posts"}],"about":[{"href":"https:\/\/www.europesays.com\/pt\/wp-json\/wp\/v2\/types\/post"}],"author":[{"embeddable":true,"href":"https:\/\/www.europesays.com\/pt\/wp-json\/wp\/v2\/users\/2"}],"replies":[{"embeddable":true,"href":"https:\/\/www.europesays.com\/pt\/wp-json\/wp\/v2\/comments?post=155280"}],"version-history":[{"count":0,"href":"https:\/\/www.europesays.com\/pt\/wp-json\/wp\/v2\/posts\/155280\/revisions"}],"wp:featuredmedia":[{"embeddable":true,"href":"https:\/\/www.europesays.com\/pt\/wp-json\/wp\/v2\/media\/155077"}],"wp:attachment":[{"href":"https:\/\/www.europesays.com\/pt\/wp-json\/wp\/v2\/media?parent=155280"}],"wp:term":[{"taxonomy":"category","embeddable":true,"href":"https:\/\/www.europesays.com\/pt\/wp-json\/wp\/v2\/categories?post=155280"},{"taxonomy":"post_tag","embeddable":true,"href":"https:\/\/www.europesays.com\/pt\/wp-json\/wp\/v2\/tags?post=155280"}],"curies":[{"name":"wp","href":"https:\/\/api.w.org\/{rel}","templated":true}]}}