{"id":155318,"date":"2025-11-17T16:37:12","date_gmt":"2025-11-17T16:37:12","guid":{"rendered":"https:\/\/www.europesays.com\/pt\/155318\/"},"modified":"2025-11-17T16:37:12","modified_gmt":"2025-11-17T16:37:12","slug":"maira-cardi-se-revolta-ao-ver-piso-de-mansao-de-r-2-milhoes-rachado-celebridades","status":"publish","type":"post","link":"https:\/\/www.europesays.com\/pt\/155318\/","title":{"rendered":"Ma\u00edra Cardi se revolta ao ver piso de mans\u00e3o de R$ 2 milh\u00f5es rachado | Celebridades"},"content":{"rendered":"<p>Rio &#8211; Ma\u00edra Cardi, 42 anos, ficou frustrada ao chegar \u00e0 obra de sua nova mans\u00e3o e se deparar com o que descreveu como um verdadeiro desastre na \u00e1rea externa neste fim de semana. O piso de travertino, um investimento milion\u00e1rio, apresentava diversas rachaduras e partes quebradas. A influenciadora registrou tudo em v\u00eddeo em suas redes sociais e afirmou que cobraria explica\u00e7\u00f5es da equipe respons\u00e1vel, j\u00e1 que, segundo ela, foi investido R$ 2 milh\u00f5es apenas no revestimento.<\/p>\n<p>A mans\u00e3o que a fam\u00edlia se mudar\u00e1 em breve, localizada em Alphaville, S\u00e3o Paulo, est\u00e1 avaliada em R$ 40 milh\u00f5es.<\/p>\n<p>&#8220;O v\u00eddeo de hoje \u00e9 do c* cair da bunda. Desculpa, gente. Eu vim aqui na obra visitar e mostrar para uns amigos como quem n\u00e3o quer nada e o travertino est\u00e1 inteiro arrebentado, do come\u00e7o ao fim. Estou chocada, n\u00e3o sei o que fazer, de verdade. Eles destru\u00edram o ch\u00e3o. Parece piada, mas n\u00e3o \u00e9&#8221;, desabafou.<\/p>\n<p>Ao lado do marido, Thiago Nigro, Ma\u00edra explicou que a situa\u00e7\u00e3o era ainda pior do que parecia. &#8220;Sabe o que eles tiveram a cara de pau de me falar, amor? Que v\u00e3o passar um remendo. Fora que est\u00e1 encardido. Quando a gente chegar [para morar], isso aqui estar\u00e1 podre&#8221;, relatou, enquanto mostrava de perto o piso rachado e trechos completamente partidos.<\/p>\n<p>A ex-BBB continuou a grava\u00e7\u00e3o destacando que os profissionais tentaram camuflar os danos com uma esp\u00e9cie de massa corrida. &#8220;Estou em choque&#8221;, afirmou, exibindo o acabamento improvisado. &#8220;[Ficou] horroroso. Tinha que trocar inteiro. Olha aqui, todo remendado. Ficou feio&#8221;, criticou. Ela ainda contou ter sido enganada na compra: o material teria sido apresentado como travertino romano, quando, na verdade, seria mexicano.<\/p>\n<p>&#8220;Sei que tento levar tudo numa boa, mas assim n\u00e3o d\u00e1! A gente trabalha, nosso dinheiro n\u00e3o \u00e9 capim! J\u00e1 estamos frustrados com a demora, com os erros, com nossa filha beb\u00ea que j\u00e1 era pra estar aqui&#8230; eu estou realmente bem chateada&#8221;. A influenciadora afirmou, por fim, que avalia se pedir\u00e1 a troca completa do piso.\u00a0<\/p>\n","protected":false},"excerpt":{"rendered":"Rio &#8211; Ma\u00edra Cardi, 42 anos, ficou frustrada ao chegar \u00e0 obra de sua nova mans\u00e3o e se&hellip;\n","protected":false},"author":2,"featured_media":155319,"comment_status":"","ping_status":"","sticky":false,"template":"","format":"standard","meta":{"footnotes":""},"categories":[145],"tags":[211,210,114,115,7142,1874,32,33,7143],"class_list":{"0":"post-155318","1":"post","2":"type-post","3":"status-publish","4":"format-standard","5":"has-post-thumbnail","7":"category-celebridades","8":"tag-celebridades","9":"tag-celebrities","10":"tag-entertainment","11":"tag-entretenimento","12":"tag-maira-cardi","13":"tag-mansao","14":"tag-portugal","15":"tag-pt","16":"tag-thiago-nigro"},"share_on_mastodon":{"url":"https:\/\/pubeurope.com\/@pt\/115566021423951525","error":""},"_links":{"self":[{"href":"https:\/\/www.europesays.com\/pt\/wp-json\/wp\/v2\/posts\/155318","targetHints":{"allow":["GET"]}}],"collection":[{"href":"https:\/\/www.europesays.com\/pt\/wp-json\/wp\/v2\/posts"}],"about":[{"href":"https:\/\/www.europesays.com\/pt\/wp-json\/wp\/v2\/types\/post"}],"author":[{"embeddable":true,"href":"https:\/\/www.europesays.com\/pt\/wp-json\/wp\/v2\/users\/2"}],"replies":[{"embeddable":true,"href":"https:\/\/www.europesays.com\/pt\/wp-json\/wp\/v2\/comments?post=155318"}],"version-history":[{"count":0,"href":"https:\/\/www.europesays.com\/pt\/wp-json\/wp\/v2\/posts\/155318\/revisions"}],"wp:featuredmedia":[{"embeddable":true,"href":"https:\/\/www.europesays.com\/pt\/wp-json\/wp\/v2\/media\/155319"}],"wp:attachment":[{"href":"https:\/\/www.europesays.com\/pt\/wp-json\/wp\/v2\/media?parent=155318"}],"wp:term":[{"taxonomy":"category","embeddable":true,"href":"https:\/\/www.europesays.com\/pt\/wp-json\/wp\/v2\/categories?post=155318"},{"taxonomy":"post_tag","embeddable":true,"href":"https:\/\/www.europesays.com\/pt\/wp-json\/wp\/v2\/tags?post=155318"}],"curies":[{"name":"wp","href":"https:\/\/api.w.org\/{rel}","templated":true}]}}