{"id":155340,"date":"2025-11-17T16:56:17","date_gmt":"2025-11-17T16:56:17","guid":{"rendered":"https:\/\/www.europesays.com\/pt\/155340\/"},"modified":"2025-11-17T16:56:17","modified_gmt":"2025-11-17T16:56:17","slug":"halle-bailey-e-rege-jean-page-estrelam-a-comedia-romantica-you-me-trailer-sera-lancado-amanha","status":"publish","type":"post","link":"https:\/\/www.europesays.com\/pt\/155340\/","title":{"rendered":"Halle Bailey e Reg\u00e9-Jean Page estrelam a com\u00e9dia rom\u00e2ntica &#8216;You, Me &#038; Tuscany&#8217;; Trailer ser\u00e1 lan\u00e7ado AMANH\u00c3!"},"content":{"rendered":"<p>Foi divulgado o primeiro v\u00eddeo promocional de\u00a0<strong>\u2018You, Me &amp; Tuscany\u2019<\/strong>, com\u00e9dia rom\u00e2ntica estrelada por\u00a0<strong><a href=\"https:\/\/cinepop.com.br\/tag\/halle-bailey\/\" title=\"Halle Bailey\" rel=\"nofollow noopener\" target=\"_blank\">Halle Bailey<\/a> <\/strong>(\u2018A Pequena Sereia\u2019) e\u00a0<strong>Reg\u00e9-Jean Page<\/strong> (\u2018Bridgerton\u2019).<\/p>\n<p>O material apresenta as primeiras cenas do projeto, cujo trailer ser\u00e1 lan\u00e7ado\u00a0<strong>amanh\u00e3, 17 de novembro<\/strong>.<\/p>\n<p>Confira:<\/p>\n<blockquote class=\"twitter-tweet\">\n<p dir=\"ltr\" lang=\"en\">Love is on the menu \u2764\ufe0f\u200d\ud83d\udd25 See the <a href=\"https:\/\/cinepop.com.br\/tag\/you-me-tuscany\/\" title=\"You Me &amp; Tuscany\" rel=\"nofollow noopener\" target=\"_blank\">You Me &amp; Tuscany<\/a> trailer tomorrow! <a href=\"https:\/\/t.co\/QQa40hzBMV\" rel=\"nofollow\">pic.twitter.com\/QQa40hzBMV<\/a><\/p>\n<p>\u2014 youmetuscany (@youmetuscany) <a href=\"https:\/\/twitter.com\/youmetuscany\/status\/1990118108829512030?ref_src=twsrc%5Etfw\" rel=\"nofollow noopener\" target=\"_blank\">November 16, 2025<\/a><\/p>\n<\/blockquote>\n<p>O longa tem estreia marcada para\u00a0<strong>10 de abril de 2026<\/strong> e ser\u00e1 lan\u00e7ado pela <strong><a href=\"https:\/\/cinepop.com.br\/tag\/universal-pictures\/\" title=\"Universal Pictures\" rel=\"nofollow noopener\" target=\"_blank\">Universal Pictures<\/a><\/strong>.<\/p>\n<p><strong><a href=\"https:\/\/cinepop.com.br\/tag\/kat-coiro\/\" title=\"Kat Coiro\" rel=\"nofollow noopener\" target=\"_blank\">Kat Coiro<\/a><\/strong> (\u2018Case Comigo\u2019) assume a cadeira de dire\u00e7\u00e3o, enquanto <strong><a href=\"https:\/\/cinepop.com.br\/tag\/ryan-engle\/\" title=\"Ryan Engle\" rel=\"nofollow noopener\" target=\"_blank\">Ryan Engle<\/a><\/strong> assina o roteiro.<\/p>\n<p>A trama \u00e9 ambientada na Costa Amalfitana e acompanha Anna (<strong>Bailey<\/strong>), uma jovem cozinheira de esp\u00edrito livre, cuja decis\u00e3o impulsiva de se tornar ocupante ilegal em uma vila toscana abandonada, propriedade de um homem que ela mal conhece, a leva a um mundo totalmente novo de aventuras, mentiras e amor.<\/p>\n<p><strong><a href=\"https:\/\/cinepop.com.br\/tag\/marco-calvani\/\" title=\"Marco Calvani\" rel=\"nofollow noopener\" target=\"_blank\">Marco Calvani<\/a><\/strong>,\u00a0<strong><a href=\"https:\/\/cinepop.com.br\/tag\/aziza-scott\/\" title=\"Aziza Scott\" rel=\"nofollow noopener\" target=\"_blank\">Aziza Scott<\/a><\/strong> e\u00a0<strong><a href=\"https:\/\/cinepop.com.br\/tag\/lorenzo-de-moor\/\" title=\"Lorenzo de Moor\" rel=\"nofollow noopener\" target=\"_blank\">Lorenzo de Moor<\/a><\/strong> tamb\u00e9m fazem parte do elenco.<\/p>\n<p><script async src=\"https:\/\/platform.twitter.com\/widgets.js\" charset=\"utf-8\"><\/script><\/p>\n","protected":false},"excerpt":{"rendered":"Foi divulgado o primeiro v\u00eddeo promocional de\u00a0\u2018You, Me &amp; Tuscany\u2019, com\u00e9dia rom\u00e2ntica estrelada por\u00a0Halle Bailey (\u2018A Pequena Sereia\u2019)&hellip;\n","protected":false},"author":2,"featured_media":155341,"comment_status":"","ping_status":"","sticky":false,"template":"","format":"standard","meta":{"footnotes":""},"categories":[140],"tags":[33381,114,115,147,148,33382,33383,33384,33385,146,32,33,33386,33387,22988,33388],"class_list":{"0":"post-155340","1":"post","2":"type-post","3":"status-publish","4":"format-standard","5":"has-post-thumbnail","7":"category-filmes","8":"tag-aziza-scott","9":"tag-entertainment","10":"tag-entretenimento","11":"tag-film","12":"tag-filmes","13":"tag-halle-bailey","14":"tag-kat-coiro","15":"tag-lorenzo-de-moor","16":"tag-marco-calvani","17":"tag-movies","18":"tag-portugal","19":"tag-pt","20":"tag-rege-jean-page","21":"tag-ryan-engle","22":"tag-universal-pictures","23":"tag-you-me-tuscany"},"share_on_mastodon":{"url":"https:\/\/pubeurope.com\/@pt\/115566096074048787","error":""},"_links":{"self":[{"href":"https:\/\/www.europesays.com\/pt\/wp-json\/wp\/v2\/posts\/155340","targetHints":{"allow":["GET"]}}],"collection":[{"href":"https:\/\/www.europesays.com\/pt\/wp-json\/wp\/v2\/posts"}],"about":[{"href":"https:\/\/www.europesays.com\/pt\/wp-json\/wp\/v2\/types\/post"}],"author":[{"embeddable":true,"href":"https:\/\/www.europesays.com\/pt\/wp-json\/wp\/v2\/users\/2"}],"replies":[{"embeddable":true,"href":"https:\/\/www.europesays.com\/pt\/wp-json\/wp\/v2\/comments?post=155340"}],"version-history":[{"count":0,"href":"https:\/\/www.europesays.com\/pt\/wp-json\/wp\/v2\/posts\/155340\/revisions"}],"wp:featuredmedia":[{"embeddable":true,"href":"https:\/\/www.europesays.com\/pt\/wp-json\/wp\/v2\/media\/155341"}],"wp:attachment":[{"href":"https:\/\/www.europesays.com\/pt\/wp-json\/wp\/v2\/media?parent=155340"}],"wp:term":[{"taxonomy":"category","embeddable":true,"href":"https:\/\/www.europesays.com\/pt\/wp-json\/wp\/v2\/categories?post=155340"},{"taxonomy":"post_tag","embeddable":true,"href":"https:\/\/www.europesays.com\/pt\/wp-json\/wp\/v2\/tags?post=155340"}],"curies":[{"name":"wp","href":"https:\/\/api.w.org\/{rel}","templated":true}]}}