{"id":155350,"date":"2025-11-17T17:02:14","date_gmt":"2025-11-17T17:02:14","guid":{"rendered":"https:\/\/www.europesays.com\/pt\/155350\/"},"modified":"2025-11-17T17:02:14","modified_gmt":"2025-11-17T17:02:14","slug":"porta-avioes-dos-eua-chega-ao-mar-das-caraibas-observador","status":"publish","type":"post","link":"https:\/\/www.europesays.com\/pt\/155350\/","title":{"rendered":"Porta-avi\u00f5es dos EUA chega ao mar das Cara\u00edbas \u2013 Observador"},"content":{"rendered":"<p>Os Estados Unidos anunciaram, no domingo, que o porta-avi\u00f5es Gerald Ford chegou ao mar das Cara\u00edbas, enquanto cresce a tens\u00e3o com a Venezuela e <strong>ap\u00f3s mais um ataque a uma embarca\u00e7\u00e3o<\/strong> que Washington acusou de estar envolvida em narcotr\u00e1fico.<\/p>\n<p>O porta-avi\u00f5es, o mais avan\u00e7ado da Marinha dos Estados Unidos, transporta quatro esquadr\u00f5es de ca\u00e7as e tr\u00eas contratorpedeiros de m\u00edsseis guiados.<\/p>\n<p>Num comunicado, o Comando Sul dos Estados Unidos para a Am\u00e9rica Latina e Cara\u00edbas (Southcom) esclareceu que o porta-avi\u00f5es \u201cunir\u00e1 for\u00e7as com os meios j\u00e1 presentes no Mar das Cara\u00edbas\u201d, incluindo um grupo anf\u00edbio e uma unidade de fuzileiros navais.<\/p>\n<p>O <strong>Southcom esclareceu ainda, no comunicado, que foi feito um ataque, no s\u00e1bado,<\/strong> contra uma embarca\u00e7\u00e3o acusada de transportar droga.<\/p>\n<p>\u201cAs informa\u00e7\u00f5es dos servi\u00e7os de informa\u00e7\u00e3o confirmaram que o barco estava envolvido no contrabando de narc\u00f3ticos\u201d, afirmou o comando norte-americano, acrescentando que tr\u00eas homens foram mortos no ataque, que ocorreu em \u00e1guas internacionais do Pac\u00edfico.<\/p>\n<p>Desde agosto que Washington mant\u00e9m uma presen\u00e7a militar significativa nas Cara\u00edbas, entre os quais meia d\u00fazia de navios de guerra, <a href=\"https:\/\/observador.pt\/2025\/11\/04\/de-ataques-contra-alvos-militares-a-invasao-com-brigadas-antiterroristas-casa-branca-desenha-planos-para-o-futuro-de-maduro\/\" rel=\"nofollow noopener\" target=\"_blank\">para combater o tr\u00e1fico de droga proveniente da Venezuela<\/a> e com destino aos Estados Unidos.<\/p>\n<p>Com o ataque de s\u00e1bado, sobem para vinte os ataques feitos pelos Estados Unidos nas \u00faltimas semanas nas Cara\u00edbas e no Pac\u00edfico contra embarca\u00e7\u00f5es que acusam \u2014<strong> sem apresentar provas<\/strong> \u2014 de transportar droga.<\/p>\n<p>Esses ataques fizeram, pelo menos, 83 mortes.<\/p>\n<p>A Venezuela acusa Washington de usar o tr\u00e1fico de droga como pretexto \u201cpara impor uma mudan\u00e7a de regime\u201d em Caracas e para se apoderar do seu petr\u00f3leo.<\/p>\n<p>Entretanto, o presidente Donald Trump admitiu no domingo a possibilidade de negociar com Caracas, naquela que seria uma poss\u00edvel via diplom\u00e1tica enquanto os Estados Unidos refor\u00e7am ainda mais a sua presen\u00e7a militar perto daquele pa\u00eds sul-americano.<\/p>\n<p>Trump n\u00e3o entrou em detalhes sobre as poss\u00edveis conversa\u00e7\u00f5es com Nicol\u00e1s Maduro, mas disse que \u201ca Venezuela gostaria de conversar\u201d.<\/p>\n","protected":false},"excerpt":{"rendered":"Os Estados Unidos anunciaram, no domingo, que o porta-avi\u00f5es Gerald Ford chegou ao mar das Cara\u00edbas, enquanto cresce&hellip;\n","protected":false},"author":2,"featured_media":155351,"comment_status":"","ping_status":"","sticky":false,"template":"","format":"standard","meta":{"footnotes":""},"categories":[50],"tags":[964,624,27,28,442,623,15,16,14,25,26,21,22,2219,62,1009,12,13,19,20,23,24,17,18,29,30,31,3023,63,64,65],"class_list":{"0":"post-155350","1":"post","2":"type-post","3":"status-publish","4":"format-standard","5":"has-post-thumbnail","7":"category-mundo","8":"tag-ambiente","9":"tag-amu00e9rica","10":"tag-breaking-news","11":"tag-breakingnews","12":"tag-ciu00eancia","13":"tag-estados-unidos-da-amu00e9rica","14":"tag-featured-news","15":"tag-featurednews","16":"tag-headlines","17":"tag-latest-news","18":"tag-latestnews","19":"tag-main-news","20":"tag-mainnews","21":"tag-mar","22":"tag-mundo","23":"tag-natureza","24":"tag-news","25":"tag-noticias","26":"tag-noticias-principais","27":"tag-noticiasprincipais","28":"tag-principais-noticias","29":"tag-principaisnoticias","30":"tag-top-stories","31":"tag-topstories","32":"tag-ultimas","33":"tag-ultimas-noticias","34":"tag-ultimasnoticias","35":"tag-venezuela","36":"tag-world","37":"tag-world-news","38":"tag-worldnews"},"share_on_mastodon":{"url":"https:\/\/pubeurope.com\/@pt\/115566119883559882","error":""},"_links":{"self":[{"href":"https:\/\/www.europesays.com\/pt\/wp-json\/wp\/v2\/posts\/155350","targetHints":{"allow":["GET"]}}],"collection":[{"href":"https:\/\/www.europesays.com\/pt\/wp-json\/wp\/v2\/posts"}],"about":[{"href":"https:\/\/www.europesays.com\/pt\/wp-json\/wp\/v2\/types\/post"}],"author":[{"embeddable":true,"href":"https:\/\/www.europesays.com\/pt\/wp-json\/wp\/v2\/users\/2"}],"replies":[{"embeddable":true,"href":"https:\/\/www.europesays.com\/pt\/wp-json\/wp\/v2\/comments?post=155350"}],"version-history":[{"count":0,"href":"https:\/\/www.europesays.com\/pt\/wp-json\/wp\/v2\/posts\/155350\/revisions"}],"wp:featuredmedia":[{"embeddable":true,"href":"https:\/\/www.europesays.com\/pt\/wp-json\/wp\/v2\/media\/155351"}],"wp:attachment":[{"href":"https:\/\/www.europesays.com\/pt\/wp-json\/wp\/v2\/media?parent=155350"}],"wp:term":[{"taxonomy":"category","embeddable":true,"href":"https:\/\/www.europesays.com\/pt\/wp-json\/wp\/v2\/categories?post=155350"},{"taxonomy":"post_tag","embeddable":true,"href":"https:\/\/www.europesays.com\/pt\/wp-json\/wp\/v2\/tags?post=155350"}],"curies":[{"name":"wp","href":"https:\/\/api.w.org\/{rel}","templated":true}]}}