{"id":155395,"date":"2025-11-17T17:40:26","date_gmt":"2025-11-17T17:40:26","guid":{"rendered":"https:\/\/www.europesays.com\/pt\/155395\/"},"modified":"2025-11-17T17:40:26","modified_gmt":"2025-11-17T17:40:26","slug":"casa-dos-segredos-leandro-revela-que-concorrentes-expulsava-podiam-ir-ja","status":"publish","type":"post","link":"https:\/\/www.europesays.com\/pt\/155395\/","title":{"rendered":"Casa dos Segredos &#8211; Leandro revela que concorrentes expulsava: &#8220;Podiam ir j\u00e1&#8221;"},"content":{"rendered":"<p><strong>Cristina Ferreira <\/strong>conduz, este domingo, 16 de novembro, mais uma gala da <strong>Casa dos Segredos<\/strong>.<\/p>\n<p>Durante uma conversa com os concorrentes, a apresentadora perguntou a <strong>Leandro <\/strong>quem expulsaria, neste momento, <strong>&#8220;para tirar do seu caminho&#8221;<\/strong>.<\/p>\n<blockquote>\n<p>Leia mais: <a href=\"https:\/\/www.novagente.pt\/luis-goncalves-apos-terminar-amizade-arrasa-bruno-savate-lambe-botas-palhaco\" rel=\"nofollow noopener\" target=\"_blank\">Ap\u00f3s terminar amizade, Lu\u00eds Gon\u00e7alves arrasa Bruno Savate: &#8220;Lambe botas, palha\u00e7o&#8221;<\/a><\/p>\n<\/blockquote>\n<p>Sem hesitar, <a href=\"https:\/\/www.novagente.pt\/casa-dos-segredos-transformacao-fisica-de-leandro-antes-do-programa-veja-diferenca-galeria\" rel=\"nofollow noopener\" target=\"_blank\">o concorrente<\/a> respondeu:<strong> &#8220;O Bruno, o Dylan&#8230; Podiam ir j\u00e1.&#8221;<\/strong><\/p>\n<p>Recorde-se que, h\u00e1 umas semanas, ambos foram acusados de realizar <a href=\"https:\/\/www.novagente.pt\/casa-dos-segredos-dylan-acusado-de-homofobia-olha-carinha-de\" rel=\"nofollow noopener\" target=\"_blank\">ataques homof\u00f3bicos<\/a> contra Leandro.<\/p>\n<p>Texto: Lu\u00eds Sigorro; Fotos: Redes sociais<\/p>\n<p class=\"intagram-text\">Siga a Nova Gente no Instagram<\/p>\n<p>                        <a href=\"https:\/\/www.instagram.com\/revistanovagente\/\" target=\"_blank\" aria-label=\"instagram\" rel=\"noopener nofollow\"><img decoding=\"async\" style=\"display: block; margin-left: auto; margin-right: auto; width: 250px; height: 83px;\" src=\"https:\/\/www.europesays.com\/pt\/wp-content\/uploads\/2025\/11\/Instagram_NG.png\" alt=\"instagram\"\/><\/a><br \/>\n                    <script async src=\"\/\/www.instagram.com\/embed.js\"><\/script><\/p>\n","protected":false},"excerpt":{"rendered":"Cristina Ferreira conduz, este domingo, 16 de novembro, mais uma gala da Casa dos Segredos. Durante uma conversa&hellip;\n","protected":false},"author":2,"featured_media":155396,"comment_status":"","ping_status":"","sticky":false,"template":"","format":"standard","meta":{"footnotes":""},"categories":[142],"tags":[3768,2632,19105,114,115,12397,32,33,151],"class_list":{"0":"post-155395","1":"post","2":"type-post","3":"status-publish","4":"format-standard","5":"has-post-thumbnail","7":"category-tv","8":"tag-bruno","9":"tag-casa-dos-segredos","10":"tag-dylan","11":"tag-entertainment","12":"tag-entretenimento","13":"tag-leandro","14":"tag-portugal","15":"tag-pt","16":"tag-tv"},"share_on_mastodon":{"url":"https:\/\/pubeurope.com\/@pt\/115566269383587169","error":""},"_links":{"self":[{"href":"https:\/\/www.europesays.com\/pt\/wp-json\/wp\/v2\/posts\/155395","targetHints":{"allow":["GET"]}}],"collection":[{"href":"https:\/\/www.europesays.com\/pt\/wp-json\/wp\/v2\/posts"}],"about":[{"href":"https:\/\/www.europesays.com\/pt\/wp-json\/wp\/v2\/types\/post"}],"author":[{"embeddable":true,"href":"https:\/\/www.europesays.com\/pt\/wp-json\/wp\/v2\/users\/2"}],"replies":[{"embeddable":true,"href":"https:\/\/www.europesays.com\/pt\/wp-json\/wp\/v2\/comments?post=155395"}],"version-history":[{"count":0,"href":"https:\/\/www.europesays.com\/pt\/wp-json\/wp\/v2\/posts\/155395\/revisions"}],"wp:featuredmedia":[{"embeddable":true,"href":"https:\/\/www.europesays.com\/pt\/wp-json\/wp\/v2\/media\/155396"}],"wp:attachment":[{"href":"https:\/\/www.europesays.com\/pt\/wp-json\/wp\/v2\/media?parent=155395"}],"wp:term":[{"taxonomy":"category","embeddable":true,"href":"https:\/\/www.europesays.com\/pt\/wp-json\/wp\/v2\/categories?post=155395"},{"taxonomy":"post_tag","embeddable":true,"href":"https:\/\/www.europesays.com\/pt\/wp-json\/wp\/v2\/tags?post=155395"}],"curies":[{"name":"wp","href":"https:\/\/api.w.org\/{rel}","templated":true}]}}