{"id":155412,"date":"2025-11-17T17:50:59","date_gmt":"2025-11-17T17:50:59","guid":{"rendered":"https:\/\/www.europesays.com\/pt\/155412\/"},"modified":"2025-11-17T17:50:59","modified_gmt":"2025-11-17T17:50:59","slug":"vera-ja-reagiu-a-farpa-da-mae-de-dylan-em-plena-gala","status":"publish","type":"post","link":"https:\/\/www.europesays.com\/pt\/155412\/","title":{"rendered":"Vera j\u00e1 reagiu \u00e0 &#8216;farpa&#8217; da m\u00e3e de Dylan em plena gala"},"content":{"rendered":"<p>\t\t\t\t\t\t\t\t\t\t\t\t<a href=\"#\" onclick=\"window.open('http:\/\/www.facebook.com\/sharer.php?u=https:\/\/cusquices.com\/vera-ja-reagiu-a-farpa-da-mae-de-dylan-em-plena-gala\/&amp;t=Vera j\u00e1 reagiu \u00e0 \u2018farpa\u2019 da m\u00e3e de Dylan em plena gala', 'facebookShare', 'width=626,height=436'); return false;\" title=\"Share on Facebook\"><\/p>\n<p>Share<\/p>\n<p><\/a><br \/>\n\t\t\t\t\t\t\t\t\t\t\t\t<a href=\"#\" onclick=\"window.open('http:\/\/twitter.com\/share?text=Vera j\u00e1 reagiu \u00e0 \u2018farpa\u2019 da m\u00e3e de Dylan em plena gala -&amp;url=https:\/\/cusquices.com\/vera-ja-reagiu-a-farpa-da-mae-de-dylan-em-plena-gala\/', 'twitterShare', 'width=626,height=436'); return false;\" title=\"Tweet This Post\"><\/p>\n<p>Tweet<\/p>\n<p><\/a><br \/>\n\t\t\t\t\t\t\t\t\t\t\t\t<a href=\"whatsapp:\/\/send?text=Vera j\u00e1 reagiu \u00e0 \u2018farpa\u2019 da m\u00e3e de Dylan em plena gala https:\/\/cusquices.com\/vera-ja-reagiu-a-farpa-da-mae-de-dylan-em-plena-gala\/\" rel=\"nofollow\"><\/p>\n<p>Share<\/p>\n<p><\/a><br \/>\n\t\t\t\t\t\t\t\t\t\t\t\t<a href=\"#\" onclick=\"window.open('http:\/\/pinterest.com\/pin\/create\/button\/?url=https:\/\/cusquices.com\/vera-ja-reagiu-a-farpa-da-mae-de-dylan-em-plena-gala\/&amp;media=https:\/\/cusquices.com\/wp-content\/uploads\/2025\/11\/vera-maedylan-1000x600.jpg&amp;description=Vera j\u00e1 reagiu \u00e0 \u2018farpa\u2019 da m\u00e3e de Dylan em plena gala', 'pinterestShare', 'width=750,height=350'); return false;\" title=\"Pin This Post\"><\/p>\n<p>Share<\/p>\n<p><\/a><br \/>\n\t\t\t\t\t\t\t\t\t\t\t\t<a href=\"mailto:?subject=Vera j\u00e1 reagiu \u00e0 \u2018farpa\u2019 da m\u00e3e de Dylan em plena gala&amp;BODY=I found this article interesting and thought of sharing it with you. Check it out: https:\/\/cusquices.com\/vera-ja-reagiu-a-farpa-da-mae-de-dylan-em-plena-gala\/\"><\/p>\n<p>Email<\/p>\n<p><\/a><br \/>\n\t\t\t\t\t\t\t\t\t\t\t\t\t\t\t\t\t\t\t\t\t\t\t\t\t\t\t\t\t\t\t\t\t\t\t\t\t\t\t\t\t\t\t\t\t\t\t\t\t\t\t\t\t<a href=\"https:\/\/cusquices.com\/vera-ja-reagiu-a-farpa-da-mae-de-dylan-em-plena-gala\/#respond\" rel=\"nofollow noopener\" target=\"_blank\"><\/p>\n<p>Vera n\u00e3o deixou nada por dizer e respondeu \u00e0 letra \u00e0 m\u00e3e de Dylan.<\/p>\n<p>Este domingo, 16 de novembro, foi para o ar mais uma gala do Secret Story, que contou com a presen\u00e7a de v\u00e1rios familiares dos concorrentes. Durante a gala, <strong>Cristina Ferreira<\/strong> dirigiu-se \u00e0 m\u00e3e de <strong>Dylan <\/strong>e confrontou-a sobre o relacionamento do filho com a <strong>In\u00eas.<\/strong><\/p>\n<p><strong>Rosa<\/strong> reagiu com \u2018farpas\u2019 a Vera: <strong>\u201cN\u00e3o posso dizer nada, n\u00e3o conhe\u00e7o a mi\u00fada. Prefiro esta que a Vera\u201d.<\/strong> Entretanto, <strong>Vera<\/strong>, que n\u00e3o marcou presen\u00e7a na gala do Secret Story, j\u00e1 reagiu e deu resposta nas suas redes sociais.<\/p>\n<p>A jovem assistente dent\u00e1ria n\u00e3o se ficou e respondeu \u00e0 letra, deixando no ar mais uma frase que promete tornar-se verdadeiramente ic\u00f3nica: <strong>\u201cAt\u00e9 o meu gloss tem mais qualidade que certas bocas que saem a rua\u201d<\/strong>.<\/p>\n<p><img loading=\"lazy\" decoding=\"async\" width=\"570\" height=\"1024\" src=\"https:\/\/www.europesays.com\/pt\/wp-content\/uploads\/2025\/11\/vera-responde-570x1024.png\" alt=\"\" class=\"wp-image-100299 webpexpress-processed\"  \/><\/p>\n<p><strong>Leia tamb\u00e9m:<\/strong><\/p>\n<p>\t\t\t\t\t\t\t\t\t\t\t\t\t\t\t\t\t\t\t\t\t\t\t\t\t<img decoding=\"async\" src=\"https:\/\/www.europesays.com\/pt\/wp-content\/uploads\/2025\/10\/cusquices-logo-52x.png\" class=\"webpexpress-processed\"\/><\/p>\n<p>\t\t\t\t\t\t\t\t\t\t\t\t\t\t\t\t\t\t\t\t\t            \t\t\t\t\t\t\t\t\t\t\t\t\t\t\t\t\t\t\t\t\t\t\t\t\t\t\t\t\t\t\t\t\t\t\t\t\t\t\t<script async src=\"https:\/\/platform.twitter.com\/widgets.js\" charset=\"utf-8\"><\/script><\/p>\n","protected":false},"excerpt":{"rendered":"Share Tweet Share Share Email Vera n\u00e3o deixou nada por dizer e respondeu \u00e0 letra \u00e0 m\u00e3e de&hellip;\n","protected":false},"author":2,"featured_media":155413,"comment_status":"","ping_status":"","sticky":false,"template":"","format":"standard","meta":{"footnotes":""},"categories":[8],"tags":[27,28,2632,49,21040,15,16,14,25,26,21,22,12,13,19,20,32,23,24,33,17,18,29,30,31,24887],"class_list":{"0":"post-155412","1":"post","2":"type-post","3":"status-publish","4":"format-standard","5":"has-post-thumbnail","7":"category-principais-noticias","8":"tag-breaking-news","9":"tag-breakingnews","10":"tag-casa-dos-segredos","11":"tag-destaques","12":"tag-dylan-fonte","13":"tag-featured-news","14":"tag-featurednews","15":"tag-headlines","16":"tag-latest-news","17":"tag-latestnews","18":"tag-main-news","19":"tag-mainnews","20":"tag-news","21":"tag-noticias","22":"tag-noticias-principais","23":"tag-noticiasprincipais","24":"tag-portugal","25":"tag-principais-noticias","26":"tag-principaisnoticias","27":"tag-pt","28":"tag-top-stories","29":"tag-topstories","30":"tag-ultimas","31":"tag-ultimas-noticias","32":"tag-ultimasnoticias","33":"tag-vera-claudia"},"share_on_mastodon":{"url":"https:\/\/pubeurope.com\/@pt\/115566312634692722","error":""},"_links":{"self":[{"href":"https:\/\/www.europesays.com\/pt\/wp-json\/wp\/v2\/posts\/155412","targetHints":{"allow":["GET"]}}],"collection":[{"href":"https:\/\/www.europesays.com\/pt\/wp-json\/wp\/v2\/posts"}],"about":[{"href":"https:\/\/www.europesays.com\/pt\/wp-json\/wp\/v2\/types\/post"}],"author":[{"embeddable":true,"href":"https:\/\/www.europesays.com\/pt\/wp-json\/wp\/v2\/users\/2"}],"replies":[{"embeddable":true,"href":"https:\/\/www.europesays.com\/pt\/wp-json\/wp\/v2\/comments?post=155412"}],"version-history":[{"count":0,"href":"https:\/\/www.europesays.com\/pt\/wp-json\/wp\/v2\/posts\/155412\/revisions"}],"wp:featuredmedia":[{"embeddable":true,"href":"https:\/\/www.europesays.com\/pt\/wp-json\/wp\/v2\/media\/155413"}],"wp:attachment":[{"href":"https:\/\/www.europesays.com\/pt\/wp-json\/wp\/v2\/media?parent=155412"}],"wp:term":[{"taxonomy":"category","embeddable":true,"href":"https:\/\/www.europesays.com\/pt\/wp-json\/wp\/v2\/categories?post=155412"},{"taxonomy":"post_tag","embeddable":true,"href":"https:\/\/www.europesays.com\/pt\/wp-json\/wp\/v2\/tags?post=155412"}],"curies":[{"name":"wp","href":"https:\/\/api.w.org\/{rel}","templated":true}]}}