{"id":155418,"date":"2025-11-17T17:56:11","date_gmt":"2025-11-17T17:56:11","guid":{"rendered":"https:\/\/www.europesays.com\/pt\/155418\/"},"modified":"2025-11-17T17:56:11","modified_gmt":"2025-11-17T17:56:11","slug":"a-unica-musica-do-pearl-jam-que-nao-tem-eddie-vedder-nos-vocais","status":"publish","type":"post","link":"https:\/\/www.europesays.com\/pt\/155418\/","title":{"rendered":"A \u00fanica m\u00fasica do Pearl Jam que n\u00e3o tem Eddie Vedder nos vocais"},"content":{"rendered":"<p>A voz grave, sofrida e inconfund\u00edvel de Eddie Vedder \u00e9 praticamente sin\u00f4nimo de Pearl Jam. Como lembra o jornalista <a href=\"https:\/\/faroutmagazine.co.uk\/only-pearl-jam-song-that-eddie-vedder-doesnt-sing\/\" rel=\"nofollow noopener\" target=\"_blank\">Tim Coffman<\/a>, desde os primeiros versos de &#8220;Once&#8221;, no \u00e1lbum &#8220;Ten&#8221;, aquela mistura de bar\u00edtono e urg\u00eancia se tornou refer\u00eancia para toda uma gera\u00e7\u00e3o de vocalistas nos anos 1990. Ainda assim, mesmo com tanta identidade vocal, existe um momento raro &#8211; quase esquecido &#8211; em que o microfone n\u00e3o est\u00e1 nas m\u00e3os de Vedder. E, justamente por isso, tornou-se um cap\u00edtulo curioso na trajet\u00f3ria da banda.<\/p>\n<p><a href=\"https:\/\/whiplash.net\/bandas\/p\/pearljam.html\" class=\"linkBotao\" rel=\"nofollow noopener\" target=\"_blank\">Pearl Jam &#8211; Mais Novidades<\/a><\/p>\n<p>CONTINUA DEPOIS DA PUBLICIDADE &#8211; CLI<\/p>\n<p>&#13;<br \/>\n&#13;<br \/>\n&#13;<br \/>\n&#13;<br \/>\n&#13;<br \/>\n&#13;<br \/>\n&#13;<br \/>\n&#13;<br \/>\n<a href=\"https:\/\/whiplash.net\/materias\/whiplash\/027002.html\" rel=\"nofollow noopener\" target=\"_blank\"><img decoding=\"async\" src=\"https:\/\/www.europesays.com\/pt\/wp-content\/uploads\/2025\/10\/1760413028_813_anunciar_diabo_336x280.gif\" loading=\"lazy\" width=\"336\" height=\"280\" class=\"widthConstrained\" style=\"background-color:#000000;display:block;\" alt=\"Anunciar bandas e shows de Rock e Heavy Metal\"\/><\/a>&#13;<\/p>\n<p><a target=\"_blank\" href=\"https:\/\/www.europesays.com\/pt\/wp-content\/uploads\/2025\/11\/pearl_jam_2020b_universal_music_de_por_danny_clinch.jpg\"><img loading=\"lazy\" decoding=\"async\" src=\"https:\/\/www.europesays.com\/pt\/wp-content\/uploads\/2025\/11\/pearl_jam_2020b_universal_music_de_por_danny_clinch.jpg\" class=\"widthConstrained\" width=\"700\" height=\"467\" alt=\"Foto: Danny Clinch - Universal Music\"\/><\/a>Foto: Danny Clinch &#8211; Universal Music<\/p>\n<p>Coffman recorda que a entrada de Vedder foi vista como um &#8220;trunfo secreto&#8221; por Stone Gossard, que enviou ao futuro vocalista uma fita com ideias musicais por interm\u00e9dio do baterista Jack Irons. A qu\u00edmica foi imediata, mas, com o crescimento do grupo, as tens\u00f5es internas tamb\u00e9m aumentaram. No document\u00e1rio <a href=\"https:\/\/whiplash.net\/bandas\/p\/pearljam.html\" class=\"hotwords\" rel=\"nofollow noopener\" target=\"_blank\">Pearl Jam<\/a> Twenty, Gossard admitiu se sentir deslocado quando o vocalista assumiu as r\u00e9deas criativas: &#8220;Foi estranho ver minha vis\u00e3o da banda sendo tomada imediatamente pelo Ed&#8221;, recordou.<\/p>\n<p>CONTINUA DEPOIS DA PUBLICIDADE &#8211; GOO<\/p>\n<p>&#13;<br \/>\n&#13;<br \/>\n&#13;<br \/>\n&#13;<br \/>\n<a href=\"https:\/\/whiplash.net\/materias\/whiplash\/027002.html\" rel=\"nofollow noopener\" target=\"_blank\"><img decoding=\"async\" src=\"https:\/\/www.europesays.com\/pt\/wp-content\/uploads\/2025\/10\/1760413028_813_anunciar_diabo_336x280.gif\" loading=\"lazy\" width=\"336\" height=\"280\" alt=\"Anunciar no Whiplash.Net\"\/><\/a>&#13;<br \/>\n&#13;<br \/>\n&#13;<br \/>\n&#13;<br \/>\n&#13;<br \/>\n&#13;<br \/>\n<a href=\"https:\/\/whiplash.net\/materias\/whiplash\/027002.html\" rel=\"nofollow noopener\" target=\"_blank\"><img decoding=\"async\" src=\"https:\/\/www.europesays.com\/pt\/wp-content\/uploads\/2025\/10\/1760413028_813_anunciar_diabo_336x280.gif\" loading=\"lazy\" width=\"336\" height=\"280\" class=\"widthConstrained\" style=\"background-color:#000000;display:block;\" alt=\"Anunciar bandas e shows de Rock e Heavy Metal\"\/><\/a>&#13;<\/p>\n<p>Esse embate ficou mais evidente a partir de &#8220;Vitalogy&#8217;, quando Vedder puxou a banda para territ\u00f3rios menos convencionais. J\u00e1 em &#8220;No Code&#8221; (1996), a situa\u00e7\u00e3o se agravou a ponto de Jeff Ament cogitar sair ap\u00f3s perceber que algumas grava\u00e7\u00f5es haviam come\u00e7ado sem sua presen\u00e7a. Mesmo assim, Coffman destaca que o \u00e1lbum conseguiu empurrar o <a href=\"https:\/\/whiplash.net\/bandas\/p\/pearljam.html\" class=\"hotwords\" rel=\"nofollow noopener\" target=\"_blank\">Pearl Jam<\/a> para novas fronteiras, misturando experimenta\u00e7\u00e3o e rock direto, do tribalismo de &#8220;Who You Are&#8221; ao lirismo melanc\u00f3lico de &#8220;Off He Goes&#8221;.<\/p>\n<p>Pearl Jam sem Eddie Vedder?<\/p>\n<p>Foi nesse clima atribulado que surgiu um momento \u00fanico na discografia: a entrega dos vocais a Stone Gossard. A m\u00fasica em quest\u00e3o \u00e9 &#8220;Mankind&#8221;, um rock simples, energ\u00e9tico e despretensioso que, segundo Coffman, soa como algo entre &#8220;o lado mais \u00e1spero do R.E.M. e o esp\u00edrito bagun\u00e7ado do The Replacements&#8221;. A faixa destoa positivamente do restante do \u00e1lbum, exibindo uma faceta mais leve em meio \u00e0 turbul\u00eancia criativa da \u00e9poca.<\/p>\n<p>CONTINUA DEPOIS DA PUBLICIDADE &#8211; CLI<\/p>\n<p>&#13;<br \/>\n&#13;<br \/>\n&#13;<br \/>\n&#13;<br \/>\n&#13;<br \/>\n&#13;<br \/>\n&#13;<br \/>\n&#13;<br \/>\n<a href=\"https:\/\/whiplash.net\/materias\/whiplash\/027002.html\" rel=\"nofollow noopener\" target=\"_blank\"><img decoding=\"async\" src=\"https:\/\/www.europesays.com\/pt\/wp-content\/uploads\/2025\/10\/1760413028_813_anunciar_diabo_336x280.gif\" loading=\"lazy\" width=\"336\" height=\"280\" class=\"widthConstrained\" style=\"background-color:#000000;display:block;\" alt=\"Anunciar bandas e shows de Rock e Heavy Metal\"\/><\/a>&#13;<\/p>\n<p>Gossard, que j\u00e1 vinha se expressando no projeto paralelo Brad, encontrou em &#8220;Mankind&#8221; um espa\u00e7o natural para seu estilo. Seus vocais, como descreve Coffman, carregam uma energia punk nervosa, &#8220;algo entre o <a href=\"https:\/\/whiplash.net\/bandas\/i\/iggypop.html\" class=\"hotwords\" rel=\"nofollow noopener\" target=\"_blank\">Iggy Pop<\/a> contido e o David Byrne el\u00e9trico&#8221;. A faixa evidencia o quanto o guitarrista sempre teve um universo musical pr\u00f3prio, que raramente aparece de forma t\u00e3o expl\u00edcita dentro do <a href=\"https:\/\/whiplash.net\/bandas\/p\/pearljam.html\" class=\"hotwords\" rel=\"nofollow noopener\" target=\"_blank\">Pearl Jam<\/a>.<\/p>\n<p>Apesar da boa recep\u00e7\u00e3o dos f\u00e3s mais atentos, &#8220;Mankind&#8221; continuou sendo um experimento isolado. Gossard nunca mais assumiu os vocais principais em est\u00fadio, limitando-se a backing vocals ocasionais em faixas como &#8220;Better Man&#8221; durante apresenta\u00e7\u00f5es ao vivo. Com tantos projetos paralelos ao longo dos anos, ele encontrou outras maneiras de se expressar &#8211; e, dentro do <a href=\"https:\/\/whiplash.net\/bandas\/p\/pearljam.html\" class=\"hotwords\" rel=\"nofollow noopener\" target=\"_blank\">Pearl Jam<\/a>, parece confort\u00e1vel em deixar sua <a href=\"https:\/\/whiplash.net\/temas\/i\/instrumentos.html\" class=\"hotwords\" rel=\"nofollow noopener\" target=\"_blank\">guitarra<\/a> falar por ele, como nas explos\u00f5es sonoras de &#8220;Even Flow&#8221; e na sutileza r\u00edtmica de &#8220;Daughter&#8221;.<\/p>\n<p>CONTINUA DEPOIS DA PUBLICIDADE &#8211; GOO<\/p>\n<p>&#13;<br \/>\n&#13;<br \/>\n&#13;<br \/>\n&#13;<br \/>\n<a href=\"https:\/\/whiplash.net\/materias\/whiplash\/027002.html\" rel=\"nofollow noopener\" target=\"_blank\"><img decoding=\"async\" src=\"https:\/\/www.europesays.com\/pt\/wp-content\/uploads\/2025\/10\/1760413028_813_anunciar_diabo_336x280.gif\" loading=\"lazy\" width=\"336\" height=\"280\" alt=\"Anunciar no Whiplash.Net\"\/><\/a>&#13;<br \/>\n&#13;<br \/>\n&#13;<br \/>\n&#13;<br \/>\n&#13;<br \/>\n&#13;<br \/>\n<a href=\"https:\/\/whiplash.net\/materias\/whiplash\/027002.html\" rel=\"nofollow noopener\" target=\"_blank\"><img decoding=\"async\" src=\"https:\/\/www.europesays.com\/pt\/wp-content\/uploads\/2025\/10\/1760413028_813_anunciar_diabo_336x280.gif\" loading=\"lazy\" width=\"336\" height=\"280\" class=\"widthConstrained\" style=\"background-color:#000000;display:block;\" alt=\"Anunciar bandas e shows de Rock e Heavy Metal\"\/><\/a>&#13;<\/p>\n<p>\u25ba&#8221; src=&#8221;https:\/\/www.youtube.com\/embed\/54nPK_f-IYw&#8221; width=&#8221;560&#8243; height=&#8221;315&#8243; allow=&#8221;accelerometer; autoplay; clipboard-write; encrypted-media; gyroscope; picture-in-picture&#8221; allowfullscreen loading=&#8221;lazy&#8221; style=&#8221;border:0;&#8221;&gt;<\/p>\n<p>CONTINUA DEPOIS DA PUBLICIDADE &#8211; CLI<\/p>\n<p>&#13;<br \/>\n&#13;<br \/>\n&#13;<br \/>\n&#13;<br \/>\n&#13;<br \/>\n&#13;<br \/>\n&#13;<br \/>\n&#13;<br \/>\n<a href=\"https:\/\/whiplash.net\/materias\/whiplash\/027002.html\" rel=\"nofollow noopener\" target=\"_blank\"><img decoding=\"async\" src=\"https:\/\/www.europesays.com\/pt\/wp-content\/uploads\/2025\/10\/1760413028_813_anunciar_diabo_336x280.gif\" loading=\"lazy\" width=\"336\" height=\"280\" class=\"widthConstrained\" style=\"background-color:#000000;display:block;\" alt=\"Anunciar bandas e shows de Rock e Heavy Metal\"\/><\/a>&#13;<\/p>\n","protected":false},"excerpt":{"rendered":"A voz grave, sofrida e inconfund\u00edvel de Eddie Vedder \u00e9 praticamente sin\u00f4nimo de Pearl Jam. Como lembra o&hellip;\n","protected":false},"author":2,"featured_media":155419,"comment_status":"","ping_status":"","sticky":false,"template":"","format":"standard","meta":{"footnotes":""},"categories":[141],"tags":[114,115,149,150,32,33],"class_list":{"0":"post-155418","1":"post","2":"type-post","3":"status-publish","4":"format-standard","5":"has-post-thumbnail","7":"category-musica","8":"tag-entertainment","9":"tag-entretenimento","10":"tag-music","11":"tag-musica","12":"tag-portugal","13":"tag-pt"},"share_on_mastodon":{"url":"https:\/\/pubeurope.com\/@pt\/115566332499259915","error":""},"_links":{"self":[{"href":"https:\/\/www.europesays.com\/pt\/wp-json\/wp\/v2\/posts\/155418","targetHints":{"allow":["GET"]}}],"collection":[{"href":"https:\/\/www.europesays.com\/pt\/wp-json\/wp\/v2\/posts"}],"about":[{"href":"https:\/\/www.europesays.com\/pt\/wp-json\/wp\/v2\/types\/post"}],"author":[{"embeddable":true,"href":"https:\/\/www.europesays.com\/pt\/wp-json\/wp\/v2\/users\/2"}],"replies":[{"embeddable":true,"href":"https:\/\/www.europesays.com\/pt\/wp-json\/wp\/v2\/comments?post=155418"}],"version-history":[{"count":0,"href":"https:\/\/www.europesays.com\/pt\/wp-json\/wp\/v2\/posts\/155418\/revisions"}],"wp:featuredmedia":[{"embeddable":true,"href":"https:\/\/www.europesays.com\/pt\/wp-json\/wp\/v2\/media\/155419"}],"wp:attachment":[{"href":"https:\/\/www.europesays.com\/pt\/wp-json\/wp\/v2\/media?parent=155418"}],"wp:term":[{"taxonomy":"category","embeddable":true,"href":"https:\/\/www.europesays.com\/pt\/wp-json\/wp\/v2\/categories?post=155418"},{"taxonomy":"post_tag","embeddable":true,"href":"https:\/\/www.europesays.com\/pt\/wp-json\/wp\/v2\/tags?post=155418"}],"curies":[{"name":"wp","href":"https:\/\/api.w.org\/{rel}","templated":true}]}}