{"id":155428,"date":"2025-11-17T18:02:09","date_gmt":"2025-11-17T18:02:09","guid":{"rendered":"https:\/\/www.europesays.com\/pt\/155428\/"},"modified":"2025-11-17T18:02:09","modified_gmt":"2025-11-17T18:02:09","slug":"carregadores-de-eletricos-ja-com-mecanismos-extra-de-seguranca","status":"publish","type":"post","link":"https:\/\/www.europesays.com\/pt\/155428\/","title":{"rendered":"carregadores de el\u00e9tricos j\u00e1 com mecanismos extra de seguran\u00e7a"},"content":{"rendered":"<p>Tal como revel\u00e1mos <a target=\"_blank\" href=\"https:\/\/pplware.sapo.pt\/motores\/roubos-em-carregadores-de-eletricos-disparam-em-portugal-o-que-querem-os-ladroes\/\" rel=\"nofollow noopener\">aqui<\/a>, os casos de roubo e vandalismo em postos de carregamento de ve\u00edculos el\u00e9tricos t\u00eam vindo a aumentar de forma preocupante em todo o pa\u00eds. Para colmatar tal situa\u00e7\u00e3o, os operadores de postos de carregamento em Portugal est\u00e3o j\u00e1 a aplicar mecanismos extra de seguran\u00e7a.<\/p>\n<p><a target=\"_blank\" href=\"https:\/\/www.europesays.com\/pt\/wp-content\/uploads\/2025\/11\/copper-thieves-720x405-1.webp.webp\"><img fetchpriority=\"high\" decoding=\"async\" src=\"https:\/\/www.europesays.com\/pt\/wp-content\/uploads\/2025\/11\/copper-thieves-720x405-1.webp.webp\" alt=\"Portugal: Carregadores de el\u00e9tricos j\u00e1 com mecanismos extra de seguran\u00e7a\" width=\"720\" height=\"405\" class=\"aligncenter wp-image-1088982 size-full\"  \/><\/a><\/p>\n<p>Postos el\u00e9tricos com v\u00e1rios tipos de mecanismos de seguran\u00e7a<\/p>\n<p>De acordo com a UVE, est\u00e3o a ser j\u00e1 instalados nos postos de carregamento, mecanismos de seguran\u00e7a como CCTV, sensores e alarmes, prote\u00e7\u00f5es de cabos com tinta, traking GPS, kevlar e malha de a\u00e7o, entre outros.<\/p>\n<p>De relembrar que as motiva\u00e7\u00f5es destes crimes variam. Na maioria dos casos, os ladr\u00f5es visam o cobre existente no interior dos cabos, que possui valor de revenda nos mercados de sucata.<\/p>\n<p>A UVE considera que esta situa\u00e7\u00e3o exige uma resposta r\u00e1pida e firme. Para a associa\u00e7\u00e3o, deve ser ponderada a <strong>classifica\u00e7\u00e3o dos postos de carregamento como infraestruturas cr\u00edticas<\/strong> equiparadas a outras redes essenciais, como telecomunica\u00e7\u00f5es ou energia.<\/p>\n<p>Essa altera\u00e7\u00e3o permitiria enquadrar os atos de sabotagem e furto no \u00e2mbito de\u00a0<strong>crimes contra infraestruturas cr\u00edticas<\/strong>, com\u00a0<strong>agravamento das penas aplic\u00e1veis<\/strong>e um\u00a0<strong>efeito dissuasor<\/strong>\u00a0mais eficaz.<\/p>\n<p>Recorde-se que o\u00a0<strong>Decreto-Lei n.\u00ba 22\/2025, de 19 de mar\u00e7o<\/strong>, j\u00e1 transp\u00f4s para a legisla\u00e7\u00e3o nacional a\u00a0<strong>Diretiva (UE) 2022\/2557<\/strong>\u00a0sobre a\u00a0<strong>resili\u00eancia das entidades cr\u00edticas<\/strong>, o que torna este enquadramento legal particularmente oportuno e relevante.<\/p>\n<p>A <a target=\"_blank\" href=\"https:\/\/www.uve.pt\/page\/blueauto-10-2025\/?fbclid=IwY2xjawOH9xlleHRuA2FlbQIxMABicmlkETFEMEdjSTNKaGhLeEdHOTJjc3J0YwZhcHBfaWQQMjIyMDM5MTc4ODIwMDg5MghjYWxsc2l0ZQEyAAEefAa3V0wsuM_N5ejUO1ERxG6LEziKKFUquO7FCfBQFI-Gp_oiFIcxC8F4eLA_aem_Pmz25ldot1twublsZK4rnw\" rel=\"nofollow noopener\">UVE<\/a> defende ainda a cria\u00e7\u00e3o de um\u00a0<strong>programa nacional de apoio \u00e0 prote\u00e7\u00e3o e recupera\u00e7\u00e3o de postos de carregamento<\/strong>.<\/p>\n","protected":false},"excerpt":{"rendered":"Tal como revel\u00e1mos aqui, os casos de roubo e vandalismo em postos de carregamento de ve\u00edculos el\u00e9tricos t\u00eam&hellip;\n","protected":false},"author":2,"featured_media":155429,"comment_status":"","ping_status":"","sticky":false,"template":"","format":"standard","meta":{"footnotes":""},"categories":[83],"tags":[88,89,428,90,32,33],"class_list":{"0":"post-155428","1":"post","2":"type-post","3":"status-publish","4":"format-standard","5":"has-post-thumbnail","7":"category-empresas","8":"tag-business","9":"tag-economy","10":"tag-eletricos","11":"tag-empresas","12":"tag-portugal","13":"tag-pt"},"share_on_mastodon":{"url":"https:\/\/pubeurope.com\/@pt\/115566355924057223","error":""},"_links":{"self":[{"href":"https:\/\/www.europesays.com\/pt\/wp-json\/wp\/v2\/posts\/155428","targetHints":{"allow":["GET"]}}],"collection":[{"href":"https:\/\/www.europesays.com\/pt\/wp-json\/wp\/v2\/posts"}],"about":[{"href":"https:\/\/www.europesays.com\/pt\/wp-json\/wp\/v2\/types\/post"}],"author":[{"embeddable":true,"href":"https:\/\/www.europesays.com\/pt\/wp-json\/wp\/v2\/users\/2"}],"replies":[{"embeddable":true,"href":"https:\/\/www.europesays.com\/pt\/wp-json\/wp\/v2\/comments?post=155428"}],"version-history":[{"count":0,"href":"https:\/\/www.europesays.com\/pt\/wp-json\/wp\/v2\/posts\/155428\/revisions"}],"wp:featuredmedia":[{"embeddable":true,"href":"https:\/\/www.europesays.com\/pt\/wp-json\/wp\/v2\/media\/155429"}],"wp:attachment":[{"href":"https:\/\/www.europesays.com\/pt\/wp-json\/wp\/v2\/media?parent=155428"}],"wp:term":[{"taxonomy":"category","embeddable":true,"href":"https:\/\/www.europesays.com\/pt\/wp-json\/wp\/v2\/categories?post=155428"},{"taxonomy":"post_tag","embeddable":true,"href":"https:\/\/www.europesays.com\/pt\/wp-json\/wp\/v2\/tags?post=155428"}],"curies":[{"name":"wp","href":"https:\/\/api.w.org\/{rel}","templated":true}]}}