{"id":155434,"date":"2025-11-17T18:05:29","date_gmt":"2025-11-17T18:05:29","guid":{"rendered":"https:\/\/www.europesays.com\/pt\/155434\/"},"modified":"2025-11-17T18:05:29","modified_gmt":"2025-11-17T18:05:29","slug":"marques-mendes-lidera-gouveia-e-melo-em-queda","status":"publish","type":"post","link":"https:\/\/www.europesays.com\/pt\/155434\/","title":{"rendered":"Marques Mendes Lidera, Gouveia e Melo em Queda"},"content":{"rendered":"<p>Pela primeira vez, Lu\u00eds Marques Meneds assume a dianteira nas inten\u00e7\u00f5es de voto para as presidenciais, segundo uma sondagem da pitag\u00f3rica para a CNN, TVI, TAS e JN divulgada esta segunda-feira, 17 de novembro, na qual Gouveia e Melo regista uma quebra\u00a0acentuada.<\/p>\n<p>Segundo os dados publicados por estes meios de comunica\u00e7\u00e3o social, Lu\u00eds Marques Mendes sobe de outubro para novembro e regista 22,6%, pelo que ultrapassa Henrique Gouveia e Melo, que obt\u00e9m 21,1%. Estes dois candidatos est\u00e3o assim em empate t\u00e9cnico o que obrigaria a uma segunda volta.<\/p>\n<p>Nesta sondagem Ant\u00f3nio Jos\u00e9 Seguro surge em terceiro lugar, com 17,4%, e Andr\u00e9 Ventura em quarto, com 14,7%. H\u00e1 ainda a registar a subida de Jo\u00e3o Cotrim de Figueiredo, que regista 12,6% nas inten\u00e7\u00f5es de voto.<\/p>\n<p>\u00c0 esquerda, Catarina Martins sobe para 4,4%, Ant\u00f3nio Filipe fica nos 2,5% e Jorge Pinto em 1,4%.<\/p>\n<p>Esta sondagem foi realizada entre 5 e 14 de novembro.<\/p>\n","protected":false},"excerpt":{"rendered":"Pela primeira vez, Lu\u00eds Marques Meneds assume a dianteira nas inten\u00e7\u00f5es de voto para as presidenciais, segundo uma&hellip;\n","protected":false},"author":2,"featured_media":128970,"comment_status":"","ping_status":"","sticky":false,"template":"","format":"standard","meta":{"footnotes":""},"categories":[8],"tags":[3386,27,28,30646,15,16,9498,14,25,26,21,22,24788,12,13,19,20,32,1076,23,24,33,17,18,29,30,31],"class_list":{"0":"post-155434","1":"post","2":"type-post","3":"status-publish","4":"format-standard","5":"has-post-thumbnail","7":"category-principais-noticias","8":"tag-andre-ventura","9":"tag-breaking-news","10":"tag-breakingnews","11":"tag-cotrim-de-figueiredo","12":"tag-featured-news","13":"tag-featurednews","14":"tag-gouveia-e-melo","15":"tag-headlines","16":"tag-latest-news","17":"tag-latestnews","18":"tag-main-news","19":"tag-mainnews","20":"tag-marques-mendes","21":"tag-news","22":"tag-noticias","23":"tag-noticias-principais","24":"tag-noticiasprincipais","25":"tag-portugal","26":"tag-presidenciais-2026","27":"tag-principais-noticias","28":"tag-principaisnoticias","29":"tag-pt","30":"tag-top-stories","31":"tag-topstories","32":"tag-ultimas","33":"tag-ultimas-noticias","34":"tag-ultimasnoticias"},"share_on_mastodon":{"url":"https:\/\/pubeurope.com\/@pt\/115566367468868915","error":""},"_links":{"self":[{"href":"https:\/\/www.europesays.com\/pt\/wp-json\/wp\/v2\/posts\/155434","targetHints":{"allow":["GET"]}}],"collection":[{"href":"https:\/\/www.europesays.com\/pt\/wp-json\/wp\/v2\/posts"}],"about":[{"href":"https:\/\/www.europesays.com\/pt\/wp-json\/wp\/v2\/types\/post"}],"author":[{"embeddable":true,"href":"https:\/\/www.europesays.com\/pt\/wp-json\/wp\/v2\/users\/2"}],"replies":[{"embeddable":true,"href":"https:\/\/www.europesays.com\/pt\/wp-json\/wp\/v2\/comments?post=155434"}],"version-history":[{"count":0,"href":"https:\/\/www.europesays.com\/pt\/wp-json\/wp\/v2\/posts\/155434\/revisions"}],"wp:featuredmedia":[{"embeddable":true,"href":"https:\/\/www.europesays.com\/pt\/wp-json\/wp\/v2\/media\/128970"}],"wp:attachment":[{"href":"https:\/\/www.europesays.com\/pt\/wp-json\/wp\/v2\/media?parent=155434"}],"wp:term":[{"taxonomy":"category","embeddable":true,"href":"https:\/\/www.europesays.com\/pt\/wp-json\/wp\/v2\/categories?post=155434"},{"taxonomy":"post_tag","embeddable":true,"href":"https:\/\/www.europesays.com\/pt\/wp-json\/wp\/v2\/tags?post=155434"}],"curies":[{"name":"wp","href":"https:\/\/api.w.org\/{rel}","templated":true}]}}