{"id":155439,"date":"2025-11-17T18:10:20","date_gmt":"2025-11-17T18:10:20","guid":{"rendered":"https:\/\/www.europesays.com\/pt\/155439\/"},"modified":"2025-11-17T18:10:20","modified_gmt":"2025-11-17T18:10:20","slug":"san-do-ateez-escreve-carta-emocionante-para-aniversario-do-fandom","status":"publish","type":"post","link":"https:\/\/www.europesays.com\/pt\/155439\/","title":{"rendered":"San, do ATEEZ, escreve carta emocionante para anivers\u00e1rio do fandom"},"content":{"rendered":"<p>O cantor <strong>San<\/strong>, integrante do <strong>ATEEZ<\/strong>, escreveu uma longa carta para os f\u00e3s. O fandom do grupo de K-pop, ATINY, faz anivers\u00e1rio nesta segunda-feira (17).<\/p>\n<p>  VEJA TAMB\u00c9M<\/p>\n<p>    <a href=\"https:\/\/billboard.com.br\/kcon-anuncia-datas-de-convencoes-em-los-angeles-e-japao\/\" rel=\"nofollow noopener\" target=\"_blank\"><img loading=\"lazy\" decoding=\"async\" width=\"180\" height=\"180\" src=\"data:image\/svg+xml,%3Csvg%20xmlns=\" http:=\"\" class=\"attachment-theissue-thumbnail-x2 size-theissue-thumbnail-x2 wp-post-image\" alt=\"KCON \u00e9 a maior conven\u00e7\u00e3o de k-pop do mundo\" data-lazy- data-lazy- data-lazy-src=\"https:\/\/www.europesays.com\/pt\/wp-content\/uploads\/2025\/11\/kpop-180x180.jpg\"\/><\/a><\/p>\n<p>\u201c\u00c9 um dia muito significativo para mim, ent\u00e3o eu queria muito dizer rapidinho: feliz anivers\u00e1rio! Se n\u00e3o fosse por todos voc\u00eas, eu nem conseguiria compartilhar esses sentimentos, ent\u00e3o estou um pouco emocionado\u201d, escreveu San.<\/p>\n<p>\u201cMe preocupo se consigo expressar completamente o que sinto nessas palavras, mas vou tentar colocar tudo como est\u00e1\u2026 Sempre fui meio desajeitado e sem jeito para me expressar, mas observando todos voc\u00eas, que me d\u00e3o tanto carinho, aprendi muito. Quero me tornar esse tipo de pessoa para voc\u00eas tamb\u00e9m.\u201d<\/p>\n<p class=\"p1\">\ud83d\udcf2 <a href=\"https:\/\/www.whatsapp.com\/channel\/0029ValKuvo4dTnMRyrLrD0W\" target=\"_blank\" rel=\"noopener nofollow\"><b>K-POP NO WHATSAPP: Participe do canal da Billboard Brasil para not\u00edcias e entrevistas exclusivas!<\/b><b\/><\/a><\/p>\n<p>\u201cUltimamente, quando revi v\u00eddeos antigos, o eu de alguns anos atr\u00e1s pareceu um pouco diferente do de agora. Eu parecia radiante e feliz. E na minha frente, sempre estavam todos voc\u00eas. Com o passar do tempo, acho que me tornei um pouco indiferente a muitas coisas, e, embora tente manter a compostura, talvez os momentos de tristeza ou felicidade n\u00e3o pare\u00e7am t\u00e3o intensos quanto antes.\u201d<\/p>\n<p><img loading=\"lazy\" decoding=\"async\" class=\"size-full wp-image-149637\" src=\"data:image\/svg+xml,%3Csvg%20xmlns=\" http:=\"\" alt=\"ATEEZ\" width=\"983\" height=\"570\" data-lazy- data-lazy- data-lazy-src=\"https:\/\/www.europesays.com\/pt\/wp-content\/uploads\/2025\/11\/ateez.jpg\"\/>ATEEZ (KQ Entertainment)<\/p>\n<p>\u201cTalvez seja porque estou tentando me proteger e proteger as pessoas pr\u00f3ximas a mim. Mas mesmo assim, na frente de todos voc\u00eas, continuo sorrindo sem motivo. E acho que isso me torna ainda mais grato. O tempo que passo com voc\u00eas\u2026 Posso realmente amar esses momentos exatamente como s\u00e3o. ATINYs s\u00e3o verdadeiramente preciosos para mim. Incondicionalmente preciosos.\u201d<\/p>\n<p>\u201cE \u00e9 por isso que espero que a pessoa mais preciosa do mundo para voc\u00eas seja voc\u00eas mesmos. Espero que se tratem com carinho<br \/>antes que qualquer outra pessoa o fa\u00e7a. Talvez seja um pouco ego\u00edsta da minha parte desejar isso. Mas quero que voc\u00eas sejam as pessoas mais felizes do mundo, e espero que n\u00e3o haja nada de triste em suas vidas. Ser amado por voc\u00eas me faz incrivelmente feliz, mas ver seus sorrisos me faz ainda mais feliz. E minha prioridade sempre ser\u00e1 voc\u00eas. Mesmo que isso soe um pouco ego\u00edsta.\u201d<\/p>\n<p>\u201cMesmo que voc\u00eas se ocupem com suas pr\u00f3prias vidas por um tempo, ou fiquem ao meu lado por muito tempo, eu sempre estarei sentado exatamente onde estou. S\u00f3 me lembrarei dos bons momentos, e com essas lembran\u00e7as, serei feliz por muito tempo. Parab\u00e9ns pelo nosso 7\u00ba anivers\u00e1rio, e espero que sejamos felizes juntos por muito, muito tempo. Para os ATINYs mais brilhantes do mundo, eu amo voc\u00eas e os adoro completamente\u201d, finalizou San.<\/p>\n<p><img loading=\"lazy\" decoding=\"async\" class=\"size-full wp-image-164222\" src=\"data:image\/svg+xml,%3Csvg%20xmlns=\" http:=\"\" alt=\"San, do ATEEZ\" width=\"1200\" height=\"630\" data-lazy- data-lazy- data-lazy-src=\"https:\/\/www.europesays.com\/pt\/wp-content\/uploads\/2025\/11\/san-ateez.jpg\"\/>San, do ATEEZ (Instagram)<\/p>\n<p class=\"p1\">\ud83d\udcf2 <a href=\"https:\/\/www.whatsapp.com\/channel\/0029ValKuvo4dTnMRyrLrD0W\" target=\"_blank\" rel=\"noopener nofollow\"><b>K-POP NO WHATSAPP: Participe do canal da Billboard Brasil para not\u00edcias e entrevistas exclusivas!<\/b><b\/><\/a><\/p>\n<p>Em\u00a0<a href=\"https:\/\/billboard.com.br\/entrevista-ateez-relacao-fas-brasileiros-novo-comeback\/\" rel=\"nofollow noopener\" target=\"_blank\">entrevista para a\u00a0<strong>Billboard<\/strong>\u00a0<strong>Brasil<\/strong>\u00a0em julho<\/a>, o rapper falou sobre as inspira\u00e7\u00f5es para sua faixa solo \u201cRoar\u201d.<\/p>\n<p>\u201cEu me inspiro muito na energia incr\u00edvel que nossos f\u00e3s nos d\u00e3o durante as apresenta\u00e7\u00f5es. Os aplausos e a vibra\u00e7\u00e3o geral me fizeram querer capturar essa emo\u00e7\u00e3o na minha faixa solo. \u00c9 por isso que adicionei elementos l\u00fadicos e diretos, como os latidos, para refletir essa energia selvagem e divertida que sentimos no palco. Eu realmente queria que parecesse que est\u00e1vamos festejando juntos, e sou muito grato que os f\u00e3s tenham gostado ainda mais do que eu esperava\u201d.<\/p>\n<p>O octeto, que debutou em 2018, est\u00e1 concorrendo ao MAMA AWARDS 2025.<\/p>\n<p>Hongjoong, Yunho, Mingi, San, Seonghwa, Yeosang, Jongho e Wooyoung foram indicados na categoria de \u00c1lbum do Ano com \u201cGolden Hour: Part. 2\u201d.<\/p>\n<p><img loading=\"lazy\" decoding=\"async\" class=\"size-full wp-image-161446\" src=\"data:image\/svg+xml,%3Csvg%20xmlns=\" http:=\"\" alt=\"ATEEZ\" width=\"983\" height=\"570\" data-lazy- data-lazy- data-lazy-src=\"https:\/\/www.europesays.com\/pt\/wp-content\/uploads\/2025\/11\/1763403020_672_ateez.jpg\"\/>ATEEZ (X\/Reprodu\u00e7\u00e3o)<\/p>\n","protected":false},"excerpt":{"rendered":"O cantor San, integrante do ATEEZ, escreveu uma longa carta para os f\u00e3s. O fandom do grupo de&hellip;\n","protected":false},"author":2,"featured_media":155440,"comment_status":"","ping_status":"","sticky":false,"template":"","format":"standard","meta":{"footnotes":""},"categories":[141],"tags":[114,115,149,150,32,33],"class_list":{"0":"post-155439","1":"post","2":"type-post","3":"status-publish","4":"format-standard","5":"has-post-thumbnail","7":"category-musica","8":"tag-entertainment","9":"tag-entretenimento","10":"tag-music","11":"tag-musica","12":"tag-portugal","13":"tag-pt"},"share_on_mastodon":{"url":"https:\/\/pubeurope.com\/@pt\/115566387385080279","error":""},"_links":{"self":[{"href":"https:\/\/www.europesays.com\/pt\/wp-json\/wp\/v2\/posts\/155439","targetHints":{"allow":["GET"]}}],"collection":[{"href":"https:\/\/www.europesays.com\/pt\/wp-json\/wp\/v2\/posts"}],"about":[{"href":"https:\/\/www.europesays.com\/pt\/wp-json\/wp\/v2\/types\/post"}],"author":[{"embeddable":true,"href":"https:\/\/www.europesays.com\/pt\/wp-json\/wp\/v2\/users\/2"}],"replies":[{"embeddable":true,"href":"https:\/\/www.europesays.com\/pt\/wp-json\/wp\/v2\/comments?post=155439"}],"version-history":[{"count":0,"href":"https:\/\/www.europesays.com\/pt\/wp-json\/wp\/v2\/posts\/155439\/revisions"}],"wp:featuredmedia":[{"embeddable":true,"href":"https:\/\/www.europesays.com\/pt\/wp-json\/wp\/v2\/media\/155440"}],"wp:attachment":[{"href":"https:\/\/www.europesays.com\/pt\/wp-json\/wp\/v2\/media?parent=155439"}],"wp:term":[{"taxonomy":"category","embeddable":true,"href":"https:\/\/www.europesays.com\/pt\/wp-json\/wp\/v2\/categories?post=155439"},{"taxonomy":"post_tag","embeddable":true,"href":"https:\/\/www.europesays.com\/pt\/wp-json\/wp\/v2\/tags?post=155439"}],"curies":[{"name":"wp","href":"https:\/\/api.w.org\/{rel}","templated":true}]}}