{"id":155460,"date":"2025-11-17T18:23:11","date_gmt":"2025-11-17T18:23:11","guid":{"rendered":"https:\/\/www.europesays.com\/pt\/155460\/"},"modified":"2025-11-17T18:23:11","modified_gmt":"2025-11-17T18:23:11","slug":"assumido-carolina-braga-ja-nao-esconde-reconciliacao-com-o-ex-e-ha-beijo-na-boca-e-tudo-secret-story","status":"publish","type":"post","link":"https:\/\/www.europesays.com\/pt\/155460\/","title":{"rendered":"Assumido: Carolina Braga j\u00e1 n\u00e3o esconde reconcilia\u00e7\u00e3o com o ex. E h\u00e1 beijo na boca e tudo &#8211; Secret Story"},"content":{"rendered":"<p><a href=\"https:\/\/tvi.iol.pt\/secretstory\/carolina-braga\/diogo-bordin\/atormentada-pelo-passado-carolina-braga-recebe-ataque-que-envolve-o-ex-diogo-bordin\" rel=\"nofollow noopener\" target=\"_blank\"><strong>Carolina Braga<\/strong><\/a>\u00a0voltou para o ex-namorado e os dois j\u00e1 n\u00e3o se escondem. Depois de a ex-concorrente do Big Brother ter confirmado a reconcilia\u00e7\u00e3o num texto no Instagram, agora vem o v\u00eddeo apaixonado que n\u00e3o deixa margem para d\u00favidas.\u00a0<\/p>\n<p>No v\u00eddeo &#8211; partilhado nos stories do Instagram &#8211; Carolina Braga mostra v\u00e1rias paisagens com uma m\u00fasica de fundo rom\u00e2ntica, at\u00e9 que chega ao derradeiro momento em que se v\u00ea um beijo na boca e um abra\u00e7o apaixonado ao namorado.\u00a0<\/p>\n<p>Assim, depois da rela\u00e7\u00e3o de alguns meses com <a href=\"https:\/\/tvi.iol.pt\/secretstory\/antonio-leal-e-silva\/diogo-bordin\/mais-proximos-do-que-nunca-antonio-leal-e-silva-e-diogo-bordin-apanhados-em-plena-televisao\" rel=\"nofollow noopener\" target=\"_blank\"><strong>Diogo Bordin<\/strong>, a <\/a><strong><a href=\"https:\/\/tvi.iol.pt\/secretstory\/antonio-leal-e-silva\/diogo-bordin\/mais-proximos-do-que-nunca-antonio-leal-e-silva-e-diogo-bordin-apanhados-em-plena-televisao\" rel=\"nofollow noopener\" target=\"_blank\">ex-concorrente do Big Brother 2025<\/a>\u00a0<\/strong>voltou a encontrar o amor ao lado de\u00a0<strong>Diogo Ramos<\/strong><\/p>\n<p>\u00a0<\/p>\n<p><strong>Carolina Braga confirma namoro entre linhas<\/strong> <\/p>\n<p><strong>H\u00e1 uns dias, numa publica\u00e7\u00e3o no Instagram, Carolina Braga confirmou que est\u00e1 novamente apaixonada pelo ex-namorado.\u00a0<\/strong><\/p>\n<p>\u00abEntrei num programa de televis\u00e3o h\u00e1 alguns meses, numa fase diferente da minha vida &#8211; e desde ent\u00e3o, muita coisa mudou. Foram experi\u00eancias intensas, aprendizagens e, claro,<strong> alguns cap\u00edtulos que se fecharam para que outros pudessem come\u00e7ar<\/strong>\u00bb, come\u00e7ou por escrever a jovem de Cascais, num storie do Instagram em que mostra uma foto ao lado do agora namorado, em que s\u00f3 se v\u00ea os p\u00e9s de ambos.\u00a0.\u00a0<\/p>\n<p style=\"text-align:center\"><img loading=\"lazy\" decoding=\"async\" alt=\"\" height=\"622\" src=\"https:\/\/www.europesays.com\/pt\/wp-content\/uploads\/2025\/11\/69160886d34e3caad84b4078.webp\" width=\"350\"\/><\/p>\n<p>E prosseguiu: <strong>\u00abA vida seguiu o seu rumo, com escolhas feitas de consci\u00eancia tranquila. <\/strong>Algumas situa\u00e7\u00f5es tornaram-se p\u00fablicas, outras n\u00e3o &#8211; e est\u00e1 tudo certo\u00bb.\u00a0<\/p>\n<p>Foi ent\u00e3o que Carolina Braga confirmou que voltou a apaixonar-se por Diogo Ramos: \u00ab<strong>A vida levou-me de volta a quem sempre me fez bem &#8211; e isso basta para eu estar em paz e feliz<\/strong>\u00bb.<\/p>\n<p>\u00abDito isto a quem gosta de mim, est\u00e1 tudo bem. Estou muito feliz e sempre na companhia de quem escolho ter. <strong>Quando achar que faz sentido partilhar mais f\u00e1-lo-ei com todo o gosto<\/strong>\u00bb, acrescentou<\/p>\n","protected":false},"excerpt":{"rendered":"Carolina Braga\u00a0voltou para o ex-namorado e os dois j\u00e1 n\u00e3o se escondem. Depois de a ex-concorrente do Big&hellip;\n","protected":false},"author":2,"featured_media":155461,"comment_status":"","ping_status":"","sticky":false,"template":"","format":"standard","meta":{"footnotes":""},"categories":[142],"tags":[18706,2072,114,115,18705,32,33,151,18704],"class_list":{"0":"post-155460","1":"post","2":"type-post","3":"status-publish","4":"format-standard","5":"has-post-thumbnail","7":"category-tv","8":"tag-bastidores-secret-story","9":"tag-carolina-braga","10":"tag-entertainment","11":"tag-entretenimento","12":"tag-entrevistas-concorrentes-tvi","13":"tag-portugal","14":"tag-pt","15":"tag-tv","16":"tag-vida-fora-da-casa"},"share_on_mastodon":{"url":"https:\/\/pubeurope.com\/@pt\/115566438575016246","error":""},"_links":{"self":[{"href":"https:\/\/www.europesays.com\/pt\/wp-json\/wp\/v2\/posts\/155460","targetHints":{"allow":["GET"]}}],"collection":[{"href":"https:\/\/www.europesays.com\/pt\/wp-json\/wp\/v2\/posts"}],"about":[{"href":"https:\/\/www.europesays.com\/pt\/wp-json\/wp\/v2\/types\/post"}],"author":[{"embeddable":true,"href":"https:\/\/www.europesays.com\/pt\/wp-json\/wp\/v2\/users\/2"}],"replies":[{"embeddable":true,"href":"https:\/\/www.europesays.com\/pt\/wp-json\/wp\/v2\/comments?post=155460"}],"version-history":[{"count":0,"href":"https:\/\/www.europesays.com\/pt\/wp-json\/wp\/v2\/posts\/155460\/revisions"}],"wp:featuredmedia":[{"embeddable":true,"href":"https:\/\/www.europesays.com\/pt\/wp-json\/wp\/v2\/media\/155461"}],"wp:attachment":[{"href":"https:\/\/www.europesays.com\/pt\/wp-json\/wp\/v2\/media?parent=155460"}],"wp:term":[{"taxonomy":"category","embeddable":true,"href":"https:\/\/www.europesays.com\/pt\/wp-json\/wp\/v2\/categories?post=155460"},{"taxonomy":"post_tag","embeddable":true,"href":"https:\/\/www.europesays.com\/pt\/wp-json\/wp\/v2\/tags?post=155460"}],"curies":[{"name":"wp","href":"https:\/\/api.w.org\/{rel}","templated":true}]}}