{"id":155464,"date":"2025-11-17T18:25:11","date_gmt":"2025-11-17T18:25:11","guid":{"rendered":"https:\/\/www.europesays.com\/pt\/155464\/"},"modified":"2025-11-17T18:25:11","modified_gmt":"2025-11-17T18:25:11","slug":"o-mandaloriano-e-grogu-ganha-imagem-dos-protagonistas-unidos-veja","status":"publish","type":"post","link":"https:\/\/www.europesays.com\/pt\/155464\/","title":{"rendered":"O Mandaloriano e Grogu ganha imagem dos protagonistas unidos; veja"},"content":{"rendered":"<p><strong>O Mandaloriano e Grogu<\/strong>, pr\u00f3ximo filme da franquia <strong>Star Wars<\/strong>, acaba de ganhar uma nova imagem pela revista\u00a0Empire. Veja a seguir!<\/p>\n<p>    \u201cEssa rela\u00e7\u00e3o central, enquanto eles partem juntos para enfrentar aventuras, \u00e9 a base do filme\u201d, disse o diretor Jon Favreau \u00e0 revista.\u00a0<\/p>\n<p><strong>Tudo sobre O Mandaloriano e Grogu<\/strong><\/p>\n<p dir=\"ltr\">O Mandaloriano e Grogu\u00a0dar\u00e1 continuidade aos eventos vistos na terceira temporada da s\u00e9rie\u00a0<strong>The Mandalorian<\/strong>, da qual\u00a0Jon Favreau, que dirige o filme,\u00a0tamb\u00e9m \u00e9 o criador. Assim como na s\u00e9rie,\u00a0<strong>Dave Filoni<\/strong>, chefe criativo da Lucasfilm e criador da personagem (e da s\u00e9rie) Ahsoka, \u00e9 roteirista e produtor.<\/p>\n<p dir=\"ltr\">O Mandaloriano e Grogu\u00a0ser\u00e1 o primeiro filme de\u00a0Star Wars\u00a0a ser lan\u00e7ado nos cinemas depois de\u00a0<strong>Star Wars: Epis\u00f3dio IX &#8211; A Ascens\u00e3o Skywalker<\/strong>, conclus\u00e3o da trilogia que continua a Saga Skywalker. O filme arrecadou US$ 1 bilh\u00e3o, mas foi rejeitado amplamente por cr\u00edticos e f\u00e3s, deixando a franquia longe da telona nos \u00faltimos seis anos.<\/p>\n<p dir=\"ltr\">Neste meio tempo, s\u00e9ries de\u00a0Star Wars\u00a0t\u00eam sido lan\u00e7adas anualmente, e delas, a mais popular \u00e9\u00a0The Mandalorian, levando a Lucasfilm a resolver apostar num longa-metragem dos personagens. O elenco do filme inclui\u00a0<strong>Pedro Pascal<\/strong>,\u00a0<strong>Sigourney Weaver <\/strong>e\u00a0<strong>Jonny Coyne<\/strong>.<\/p>\n<p dir=\"ltr\">Pascal interpreta Din Djarin, um mandaloriano ca\u00e7ador de recompensas que se depara com uma crian\u00e7a da mesma esp\u00e9cie do Mestre Yoda chamada Grogu, e que ao se recusar a entreg\u00e1-la para fac\u00e7\u00f5es que ainda acreditam no Imp\u00e9rio (a hist\u00f3ria come\u00e7a alguns ap\u00f3s a morte do Imperador Palpatine) passa a navegar a gal\u00e1xia ao lado dela. Ao longo das tr\u00eas temporadas, ele se v\u00ea, tamb\u00e9m, envolvido com a restaura\u00e7\u00e3o dos mandalorianos.<\/p>\n<p data-gtm-vis-first-on-screen67967661_30=\"2706\" data-gtm-vis-has-fired67967661_30=\"1\" data-gtm-vis-total-visible-time67967661_30=\"100\">O longa tem estreia marcada para\u00a0<strong>21 de\u00a0maio de 2026<\/strong>. As\u00a0tr\u00eas primeiras temporadas de\u00a0The Mandalorian, assim como todos os filmes e s\u00e9ries da franquia Star Wars est\u00e3o dispon\u00edveis no<strong>\u00a0Disney+<\/strong>.<\/p>\n<p data-gtm-vis-first-on-screen67967661_30=\"2706\" data-gtm-vis-has-fired67967661_30=\"1\" data-gtm-vis-total-visible-time67967661_30=\"100\">Outro filme da franquia est\u00e1 agendado para o ano seguinte. Dirigido por\u00a0<strong>Shawn Levy\u00a0<\/strong>(Deadpool &amp; Wolverine) e estrelado por\u00a0<strong>Ryan Gosling\u00a0<\/strong>e\u00a0<strong>Flynn Gray<\/strong>,\u00a0<strong>Star Wars: Starfighter<\/strong><strong>\u00a0<\/strong>estreia um ano depois, em 27 de maio de 2027.<\/p>\n<p>            Continua depois da Publicidade<\/p>\n","protected":false},"excerpt":{"rendered":"O Mandaloriano e Grogu, pr\u00f3ximo filme da franquia Star Wars, acaba de ganhar uma nova imagem pela revista\u00a0Empire.&hellip;\n","protected":false},"author":2,"featured_media":155465,"comment_status":"","ping_status":"","sticky":false,"template":"","format":"standard","meta":{"footnotes":""},"categories":[140],"tags":[114,115,147,148,146,32,33],"class_list":{"0":"post-155464","1":"post","2":"type-post","3":"status-publish","4":"format-standard","5":"has-post-thumbnail","7":"category-filmes","8":"tag-entertainment","9":"tag-entretenimento","10":"tag-film","11":"tag-filmes","12":"tag-movies","13":"tag-portugal","14":"tag-pt"},"share_on_mastodon":{"url":"https:\/\/pubeurope.com\/@pt\/115566446197804384","error":""},"_links":{"self":[{"href":"https:\/\/www.europesays.com\/pt\/wp-json\/wp\/v2\/posts\/155464","targetHints":{"allow":["GET"]}}],"collection":[{"href":"https:\/\/www.europesays.com\/pt\/wp-json\/wp\/v2\/posts"}],"about":[{"href":"https:\/\/www.europesays.com\/pt\/wp-json\/wp\/v2\/types\/post"}],"author":[{"embeddable":true,"href":"https:\/\/www.europesays.com\/pt\/wp-json\/wp\/v2\/users\/2"}],"replies":[{"embeddable":true,"href":"https:\/\/www.europesays.com\/pt\/wp-json\/wp\/v2\/comments?post=155464"}],"version-history":[{"count":0,"href":"https:\/\/www.europesays.com\/pt\/wp-json\/wp\/v2\/posts\/155464\/revisions"}],"wp:featuredmedia":[{"embeddable":true,"href":"https:\/\/www.europesays.com\/pt\/wp-json\/wp\/v2\/media\/155465"}],"wp:attachment":[{"href":"https:\/\/www.europesays.com\/pt\/wp-json\/wp\/v2\/media?parent=155464"}],"wp:term":[{"taxonomy":"category","embeddable":true,"href":"https:\/\/www.europesays.com\/pt\/wp-json\/wp\/v2\/categories?post=155464"},{"taxonomy":"post_tag","embeddable":true,"href":"https:\/\/www.europesays.com\/pt\/wp-json\/wp\/v2\/tags?post=155464"}],"curies":[{"name":"wp","href":"https:\/\/api.w.org\/{rel}","templated":true}]}}