{"id":155493,"date":"2025-11-17T18:46:28","date_gmt":"2025-11-17T18:46:28","guid":{"rendered":"https:\/\/www.europesays.com\/pt\/155493\/"},"modified":"2025-11-17T18:46:28","modified_gmt":"2025-11-17T18:46:28","slug":"bce-vai-passar-a-pedir-mais-informacoes-aos-bancos-sobre-ativos","status":"publish","type":"post","link":"https:\/\/www.europesays.com\/pt\/155493\/","title":{"rendered":"BCE vai passar a pedir mais informa\u00e7\u00f5es aos bancos sobre ativos"},"content":{"rendered":"<p>        Num comunicado hoje divulgado no seu portal, o BCE refere que a partir de novembro do pr\u00f3ximo ano ir\u00e1 alterar a metodologia para calcular as margens de avalia\u00e7\u00e3o (haircuts) sobre os ativos de garantia.    <\/p>\n<p>O Banco Central Europeu (BCE) anunciou hoje que vai solicitar mais informa\u00e7\u00f5es aos bancos sobre os ativos de garantia que permitem mais financiamento.<\/p>\n<p>Num comunicado hoje divulgado no seu portal, o BCE refere que a partir de novembro do pr\u00f3ximo ano ir\u00e1 alterar a metodologia para calcular as margens de avalia\u00e7\u00e3o (haircuts) sobre os ativos de garantia.<\/p>\n<p>Com esta atualiza\u00e7\u00e3o, o BCE quer \u201cmanter um n\u00edvel adequado de prote\u00e7\u00e3o contra riscos\u201d.<\/p>\n<p>Desta forma, o BCE tamb\u00e9m quer \u201cmelhorar a equival\u00eancia do risco dos ativos\u201d, ao garantir a disponibilidade dos ativos de garantia.<\/p>\n<p>Esta \u00e9 a primeira revis\u00e3o deste g\u00e9nero pelo BCE desde a anunciada em 2022 e que foi implementada em junho do ano seguinte.<\/p>\n<p>A revis\u00e3o afeta as obriga\u00e7\u00f5es para uso pr\u00f3prio, as obriga\u00e7\u00f5es de titulariza\u00e7\u00e3o de ativos retidos e os cr\u00e9ditos individuais.<\/p>\n<p>Os bancos ter\u00e3o, assim, de passar a fornecer mais informa\u00e7\u00e3o que aquela que o BCE requer atualmente.<\/p>\n<p>O objetivo \u00e9 que estas avalia\u00e7\u00f5es reflitam os riscos reais da melhor forma poss\u00edvel.<\/p>\n","protected":false},"excerpt":{"rendered":"Num comunicado hoje divulgado no seu portal, o BCE refere que a partir de novembro do pr\u00f3ximo ano&hellip;\n","protected":false},"author":2,"featured_media":155494,"comment_status":"","ping_status":"","sticky":false,"template":"","format":"standard","meta":{"footnotes":""},"categories":[83],"tags":[1213,18953,88,89,90,32,33],"class_list":{"0":"post-155493","1":"post","2":"type-post","3":"status-publish","4":"format-standard","5":"has-post-thumbnail","7":"category-empresas","8":"tag-bce","9":"tag-bce-banco-central-europeu","10":"tag-business","11":"tag-economy","12":"tag-empresas","13":"tag-portugal","14":"tag-pt"},"share_on_mastodon":{"url":"https:\/\/pubeurope.com\/@pt\/115566528718604695","error":""},"_links":{"self":[{"href":"https:\/\/www.europesays.com\/pt\/wp-json\/wp\/v2\/posts\/155493","targetHints":{"allow":["GET"]}}],"collection":[{"href":"https:\/\/www.europesays.com\/pt\/wp-json\/wp\/v2\/posts"}],"about":[{"href":"https:\/\/www.europesays.com\/pt\/wp-json\/wp\/v2\/types\/post"}],"author":[{"embeddable":true,"href":"https:\/\/www.europesays.com\/pt\/wp-json\/wp\/v2\/users\/2"}],"replies":[{"embeddable":true,"href":"https:\/\/www.europesays.com\/pt\/wp-json\/wp\/v2\/comments?post=155493"}],"version-history":[{"count":0,"href":"https:\/\/www.europesays.com\/pt\/wp-json\/wp\/v2\/posts\/155493\/revisions"}],"wp:featuredmedia":[{"embeddable":true,"href":"https:\/\/www.europesays.com\/pt\/wp-json\/wp\/v2\/media\/155494"}],"wp:attachment":[{"href":"https:\/\/www.europesays.com\/pt\/wp-json\/wp\/v2\/media?parent=155493"}],"wp:term":[{"taxonomy":"category","embeddable":true,"href":"https:\/\/www.europesays.com\/pt\/wp-json\/wp\/v2\/categories?post=155493"},{"taxonomy":"post_tag","embeddable":true,"href":"https:\/\/www.europesays.com\/pt\/wp-json\/wp\/v2\/tags?post=155493"}],"curies":[{"name":"wp","href":"https:\/\/api.w.org\/{rel}","templated":true}]}}