{"id":155497,"date":"2025-11-17T18:48:11","date_gmt":"2025-11-17T18:48:11","guid":{"rendered":"https:\/\/www.europesays.com\/pt\/155497\/"},"modified":"2025-11-17T18:48:11","modified_gmt":"2025-11-17T18:48:11","slug":"pai-e-filho-mortos-a-tiro-por-socio-em-restaurante-no-montijo","status":"publish","type":"post","link":"https:\/\/www.europesays.com\/pt\/155497\/","title":{"rendered":"Pai e filho mortos a tiro por s\u00f3cio em restaurante no Montijo"},"content":{"rendered":"<p data-remotead-prev-elm=\"true\" data-remotead-elm-id=\"inread\">Na origem do crime estar\u00e1 a desconfian\u00e7a pelo autor do crime de que estaria a ser enganado no que diz respeito \u00e0 distribui\u00e7\u00e3o dos lucros do recentemente aberto Restaurante Apeadeiro.<\/p>\n<p>A Pol\u00edcia Judici\u00e1ria de Set\u00fabal est\u00e1 a investigar o crime e procura pelo suspeito, que se colocou em fuga numa viatura de cor cinzenta. O suspeito explora um stand de com\u00e9rcio de pe\u00e7as de autom\u00f3veis a poucos quil\u00f3metros do local do crime.<\/p>\n","protected":false},"excerpt":{"rendered":"Na origem do crime estar\u00e1 a desconfian\u00e7a pelo autor do crime de que estaria a ser enganado no&hellip;\n","protected":false},"author":2,"featured_media":155498,"comment_status":"","ping_status":"","sticky":false,"template":"","format":"standard","meta":{"footnotes":""},"categories":[10],"tags":[27,28,15,16,14,5564,603,25,26,21,22,12,13,19,20,4107,32,23,24,33,17,18,29,30,31],"class_list":{"0":"post-155497","1":"post","2":"type-post","3":"status-publish","4":"format-standard","5":"has-post-thumbnail","7":"category-portugal","8":"tag-breaking-news","9":"tag-breakingnews","10":"tag-featured-news","11":"tag-featurednews","12":"tag-headlines","13":"tag-homicidio","14":"tag-justica","15":"tag-latest-news","16":"tag-latestnews","17":"tag-main-news","18":"tag-mainnews","19":"tag-news","20":"tag-noticias","21":"tag-noticias-principais","22":"tag-noticiasprincipais","23":"tag-pj","24":"tag-portugal","25":"tag-principais-noticias","26":"tag-principaisnoticias","27":"tag-pt","28":"tag-top-stories","29":"tag-topstories","30":"tag-ultimas","31":"tag-ultimas-noticias","32":"tag-ultimasnoticias"},"share_on_mastodon":{"url":"https:\/\/pubeurope.com\/@pt\/115566536527880015","error":""},"_links":{"self":[{"href":"https:\/\/www.europesays.com\/pt\/wp-json\/wp\/v2\/posts\/155497","targetHints":{"allow":["GET"]}}],"collection":[{"href":"https:\/\/www.europesays.com\/pt\/wp-json\/wp\/v2\/posts"}],"about":[{"href":"https:\/\/www.europesays.com\/pt\/wp-json\/wp\/v2\/types\/post"}],"author":[{"embeddable":true,"href":"https:\/\/www.europesays.com\/pt\/wp-json\/wp\/v2\/users\/2"}],"replies":[{"embeddable":true,"href":"https:\/\/www.europesays.com\/pt\/wp-json\/wp\/v2\/comments?post=155497"}],"version-history":[{"count":0,"href":"https:\/\/www.europesays.com\/pt\/wp-json\/wp\/v2\/posts\/155497\/revisions"}],"wp:featuredmedia":[{"embeddable":true,"href":"https:\/\/www.europesays.com\/pt\/wp-json\/wp\/v2\/media\/155498"}],"wp:attachment":[{"href":"https:\/\/www.europesays.com\/pt\/wp-json\/wp\/v2\/media?parent=155497"}],"wp:term":[{"taxonomy":"category","embeddable":true,"href":"https:\/\/www.europesays.com\/pt\/wp-json\/wp\/v2\/categories?post=155497"},{"taxonomy":"post_tag","embeddable":true,"href":"https:\/\/www.europesays.com\/pt\/wp-json\/wp\/v2\/tags?post=155497"}],"curies":[{"name":"wp","href":"https:\/\/api.w.org\/{rel}","templated":true}]}}