{"id":155513,"date":"2025-11-17T19:03:12","date_gmt":"2025-11-17T19:03:12","guid":{"rendered":"https:\/\/www.europesays.com\/pt\/155513\/"},"modified":"2025-11-17T19:03:12","modified_gmt":"2025-11-17T19:03:12","slug":"mau-tempo-provoca-derrocada-parcial-em-futura-residencia-universitaria","status":"publish","type":"post","link":"https:\/\/www.europesays.com\/pt\/155513\/","title":{"rendered":"Mau tempo provoca derrocada parcial em futura resid\u00eancia universit\u00e1ria"},"content":{"rendered":"<p data-remotead-prev-elm=\"true\" data-remotead-elm-id=\"inread\">Em comunicado conjunto, a UMinho e a C\u00e2mara de Guimar\u00e3es adiantam que, &#8220;devido ao efeito das condi\u00e7\u00f5es climat\u00e9ricas severas que assolaram a regi\u00e3o e o pa\u00eds na madrugada de 16 [domingo] para 17 de novembro [hoje], registou-se uma derrocada parcial do edif\u00edcio&#8221; em causa.<\/p>\n<p>&#8220;A derrocada ocorreu no interior do edif\u00edcio, mas houve uma pedra de alvenaria de granito que caiu na rua adjacente, n\u00e3o causando danos humanos nem materiais. Neste sentido, com a interven\u00e7\u00e3o da Prote\u00e7\u00e3o Civil e da Pol\u00edcia Municipal de Guimar\u00e3es, procedeu-se ao corte da rua ao tr\u00e2nsito por forma a salvaguardar as necess\u00e1rias condi\u00e7\u00f5es de seguran\u00e7a&#8221;, detalham o munic\u00edpio e a UMinho.<\/p>\n<p>O comunicado acrescenta que, neste momento, a Prote\u00e7\u00e3o Civil, &#8220;em colabora\u00e7\u00e3o estreita com a Universidade do Minho, encontra-se a efetuar as dilig\u00eancias necess\u00e1rias para repor a normalidade&#8221;.<\/p>\n<p>&#8220;Designadamente garantir as condi\u00e7\u00f5es de seguran\u00e7a da utiliza\u00e7\u00e3o do arruamento e proceder ao refor\u00e7o estrutural das fachadas afetadas. Envidaremos todos os esfor\u00e7os no sentido de retomar quanto antes os trabalhos de reabilita\u00e7\u00e3o deste equipamento fundamental para a UMinho e o munic\u00edpio de Guimar\u00e3es&#8221;, sublinham ambas as entidades.<\/p>\n","protected":false},"excerpt":{"rendered":"Em comunicado conjunto, a UMinho e a C\u00e2mara de Guimar\u00e3es adiantam que, &#8220;devido ao efeito das condi\u00e7\u00f5es climat\u00e9ricas&hellip;\n","protected":false},"author":2,"featured_media":155514,"comment_status":"","ping_status":"","sticky":false,"template":"","format":"standard","meta":{"footnotes":""},"categories":[10],"tags":[27,28,20262,33408,15,16,14,25,26,21,22,8532,12,13,19,20,32,23,24,33,17,18,29,30,31],"class_list":{"0":"post-155513","1":"post","2":"type-post","3":"status-publish","4":"format-standard","5":"has-post-thumbnail","7":"category-portugal","8":"tag-breaking-news","9":"tag-breakingnews","10":"tag-concelho-guimaraes","11":"tag-derrocada","12":"tag-featured-news","13":"tag-featurednews","14":"tag-headlines","15":"tag-latest-news","16":"tag-latestnews","17":"tag-main-news","18":"tag-mainnews","19":"tag-mau-tempo","20":"tag-news","21":"tag-noticias","22":"tag-noticias-principais","23":"tag-noticiasprincipais","24":"tag-portugal","25":"tag-principais-noticias","26":"tag-principaisnoticias","27":"tag-pt","28":"tag-top-stories","29":"tag-topstories","30":"tag-ultimas","31":"tag-ultimas-noticias","32":"tag-ultimasnoticias"},"share_on_mastodon":{"url":"https:\/\/pubeurope.com\/@pt\/115566595497975239","error":""},"_links":{"self":[{"href":"https:\/\/www.europesays.com\/pt\/wp-json\/wp\/v2\/posts\/155513","targetHints":{"allow":["GET"]}}],"collection":[{"href":"https:\/\/www.europesays.com\/pt\/wp-json\/wp\/v2\/posts"}],"about":[{"href":"https:\/\/www.europesays.com\/pt\/wp-json\/wp\/v2\/types\/post"}],"author":[{"embeddable":true,"href":"https:\/\/www.europesays.com\/pt\/wp-json\/wp\/v2\/users\/2"}],"replies":[{"embeddable":true,"href":"https:\/\/www.europesays.com\/pt\/wp-json\/wp\/v2\/comments?post=155513"}],"version-history":[{"count":0,"href":"https:\/\/www.europesays.com\/pt\/wp-json\/wp\/v2\/posts\/155513\/revisions"}],"wp:featuredmedia":[{"embeddable":true,"href":"https:\/\/www.europesays.com\/pt\/wp-json\/wp\/v2\/media\/155514"}],"wp:attachment":[{"href":"https:\/\/www.europesays.com\/pt\/wp-json\/wp\/v2\/media?parent=155513"}],"wp:term":[{"taxonomy":"category","embeddable":true,"href":"https:\/\/www.europesays.com\/pt\/wp-json\/wp\/v2\/categories?post=155513"},{"taxonomy":"post_tag","embeddable":true,"href":"https:\/\/www.europesays.com\/pt\/wp-json\/wp\/v2\/tags?post=155513"}],"curies":[{"name":"wp","href":"https:\/\/api.w.org\/{rel}","templated":true}]}}