{"id":155525,"date":"2025-11-17T19:22:08","date_gmt":"2025-11-17T19:22:08","guid":{"rendered":"https:\/\/www.europesays.com\/pt\/155525\/"},"modified":"2025-11-17T19:22:08","modified_gmt":"2025-11-17T19:22:08","slug":"franca-investiga-vinted-por-promover-conteudo-pornografico","status":"publish","type":"post","link":"https:\/\/www.europesays.com\/pt\/155525\/","title":{"rendered":"Fran\u00e7a investiga Vinted por promover conte\u00fado pornogr\u00e1fico"},"content":{"rendered":"<p data-remotead-prev-elm=\"true\" data-remotead-elm-id=\"inread\">O jornal franc\u00eas &#8220;L&#8217;Inform\u00e9&#8221; e outros meios de comunica\u00e7\u00e3o relataram na semana passada como alguns utilizadores est\u00e3o a publicar an\u00fancios de lingerie ou roupas de banho para atrair seguidores para ps seus perfis em sites de conte\u00fado adulto, como o OnlyFans. Os perfis tamb\u00e9m cont\u00eam informa\u00e7\u00f5es de contacto, incentivando os visitantes a enviar mensagens pelo WhatsApp ou Telegram.<\/p>\n<p>Embora essas pr\u00e1ticas contrariem as regras da Vinted, a Alta Comiss\u00e1ria francesa para a Inf\u00e2ncia, Sarah El Hairy, afirmou no domingo que apresentou uma queixa \u00e0 Arcom, \u00f3rg\u00e3o regulador dos m\u00e9dia e internet do pa\u00eds. &#8220;Onde h\u00e1 crian\u00e7as e adolescentes, h\u00e1 predadores&#8221;, disse El Hairy ao canal &#8220;France 3&#8221;. &#8220;Eles est\u00e3o a usar a venda de objetos bastante comuns para direcionar as pessoas para conte\u00fado pornogr\u00e1fico.&#8221;<\/p>\n<p>Plataformas online que disponibilizam conte\u00fado adulto em Fran\u00e7a s\u00e3o obrigadas a ter sistemas de verifica\u00e7\u00e3o de idade, de acordo com uma lei aprovada em 2024. A legisla\u00e7\u00e3o gerou uma grande batalha com os principais sites de pornografia, alguns dos quais suspenderam os seus servi\u00e7os em Fran\u00e7a por causa disso.<\/p>\n<p data-remotead-prev-elm=\"true\" data-remotead-elm-id=\"centro1\">Contactada pela AFP, a Vinted afirmou ter &#8220;uma pol\u00edtica de toler\u00e2ncia zero em rela\u00e7\u00e3o a comunica\u00e7\u00f5es n\u00e3o solicitadas de natureza sexual ou \u00e0 promo\u00e7\u00e3o de servi\u00e7os sexuais&#8221;. A empresa afirmou ter &#8220;mais de 23 milh\u00f5es de membros registados&#8221; em Fran\u00e7a e contar com &#8220;ferramentas de dete\u00e7\u00e3o proativa para identificar comportamentos suspeitos, como coment\u00e1rios inadequados, e incentivamos qualquer pessoa que notar conte\u00fado preocupante a denunci\u00e1-lo&#8221;.<\/p>\n<p>A empresa, fundada em 2008 e sediada na Litu\u00e2nia, tornou-se uma plataforma l\u00edder na venda de roupas de segunda m\u00e3o.<\/p>\n","protected":false},"excerpt":{"rendered":"O jornal franc\u00eas &#8220;L&#8217;Inform\u00e9&#8221; e outros meios de comunica\u00e7\u00e3o relataram na semana passada como alguns utilizadores est\u00e3o a&hellip;\n","protected":false},"author":2,"featured_media":155526,"comment_status":"","ping_status":"","sticky":false,"template":"","format":"standard","meta":{"footnotes":""},"categories":[50],"tags":[27,28,15,16,208,14,25,26,21,22,62,12,13,19,20,3124,23,24,17,18,29,30,31,63,64,65],"class_list":{"0":"post-155525","1":"post","2":"type-post","3":"status-publish","4":"format-standard","5":"has-post-thumbnail","7":"category-mundo","8":"tag-breaking-news","9":"tag-breakingnews","10":"tag-featured-news","11":"tag-featurednews","12":"tag-franca","13":"tag-headlines","14":"tag-latest-news","15":"tag-latestnews","16":"tag-main-news","17":"tag-mainnews","18":"tag-mundo","19":"tag-news","20":"tag-noticias","21":"tag-noticias-principais","22":"tag-noticiasprincipais","23":"tag-pornografia","24":"tag-principais-noticias","25":"tag-principaisnoticias","26":"tag-top-stories","27":"tag-topstories","28":"tag-ultimas","29":"tag-ultimas-noticias","30":"tag-ultimasnoticias","31":"tag-world","32":"tag-world-news","33":"tag-worldnews"},"share_on_mastodon":{"url":"https:\/\/pubeurope.com\/@pt\/115566670328380718","error":""},"_links":{"self":[{"href":"https:\/\/www.europesays.com\/pt\/wp-json\/wp\/v2\/posts\/155525","targetHints":{"allow":["GET"]}}],"collection":[{"href":"https:\/\/www.europesays.com\/pt\/wp-json\/wp\/v2\/posts"}],"about":[{"href":"https:\/\/www.europesays.com\/pt\/wp-json\/wp\/v2\/types\/post"}],"author":[{"embeddable":true,"href":"https:\/\/www.europesays.com\/pt\/wp-json\/wp\/v2\/users\/2"}],"replies":[{"embeddable":true,"href":"https:\/\/www.europesays.com\/pt\/wp-json\/wp\/v2\/comments?post=155525"}],"version-history":[{"count":0,"href":"https:\/\/www.europesays.com\/pt\/wp-json\/wp\/v2\/posts\/155525\/revisions"}],"wp:featuredmedia":[{"embeddable":true,"href":"https:\/\/www.europesays.com\/pt\/wp-json\/wp\/v2\/media\/155526"}],"wp:attachment":[{"href":"https:\/\/www.europesays.com\/pt\/wp-json\/wp\/v2\/media?parent=155525"}],"wp:term":[{"taxonomy":"category","embeddable":true,"href":"https:\/\/www.europesays.com\/pt\/wp-json\/wp\/v2\/categories?post=155525"},{"taxonomy":"post_tag","embeddable":true,"href":"https:\/\/www.europesays.com\/pt\/wp-json\/wp\/v2\/tags?post=155525"}],"curies":[{"name":"wp","href":"https:\/\/api.w.org\/{rel}","templated":true}]}}