{"id":155527,"date":"2025-11-17T19:23:37","date_gmt":"2025-11-17T19:23:37","guid":{"rendered":"https:\/\/www.europesays.com\/pt\/155527\/"},"modified":"2025-11-17T19:23:37","modified_gmt":"2025-11-17T19:23:37","slug":"parede-falsa-escondia-unidade-ilegal-de-engarrafamento-de-vinho-do-douro-em-vila-real","status":"publish","type":"post","link":"https:\/\/www.europesays.com\/pt\/155527\/","title":{"rendered":"Parede falsa escondia unidade ilegal de engarrafamento de vinho do Douro em Vila Real"},"content":{"rendered":"<p data-remotead-prev-elm=\"true\" data-remotead-elm-id=\"inread\">Em comunicado, a ASAE indica que realizou uma opera\u00e7\u00e3o de fiscaliza\u00e7\u00e3o numa unidade de engarrafamento, comercializa\u00e7\u00e3o e exporta\u00e7\u00e3o de vinhos, onde foi detetada uma<strong> parede dissimulada e falsa que escondia uma zona onde era efetuado o engarrafamento <\/strong>e distribui\u00e7\u00e3o de vinhos de Denomina\u00e7\u00e3o de Origem Controlada (DOC) Douro e onde estavam armazenadas garrafas de vinho preparadas para serem rotuladas ilegalmente.<\/p>\n<p>Em consequ\u00eancia, esta unidade ilegal foi desmantelada e foram<strong> apreendidas 1326 garrafas de vinho<\/strong> &#8220;para serem indevidamente rotuladas&#8221; como vinhos reserva DOC Douro, bem como 12 mil r\u00f3tulos com indica\u00e7\u00e3o de reserva DOC Douro.<\/p>\n<p><img decoding=\"async\" class=\"ngx-body\" guid=\"f1bd93d6-2e03-4e3b-a148-77eccf7e5ab8\" src=\"https:\/\/www.europesays.com\/pt\/wp-content\/uploads\/2025\/11\/1763407417_838_image.jpg\" width=\"100%\"\/><br \/>Foto: DR\/ASAE<\/p>\n<p data-remotead-prev-elm=\"true\" data-remotead-elm-id=\"centro1\">A ASAE referiu que foi ainda instaurado um processo-crime pela pr\u00e1tica do crime de usurpa\u00e7\u00e3o de denomina\u00e7\u00e3o de origem e que os factos foram comunicados ao Departamento de Investiga\u00e7\u00e3o e A\u00e7\u00e3o Penal (DIAP).<\/p>\n<p>A opera\u00e7\u00e3o contou com o apoio t\u00e9cnico do Instituto dos Vinhos do Douro e Porto (IVDP) sobre a origem dos vinhos.<\/p>\n<p>Realizada pela Brigada Especializada de Pr\u00e1ticas Fraudulentas da Unidade Regional do Norte da ASAE, a opera\u00e7\u00e3o visou o combate \u00e0s pr\u00e1ticas fraudulentas de vinhos com Denomina\u00e7\u00e3o de Origem Protegida (DOP), DOC e Indica\u00e7\u00e3o Geogr\u00e1fica Protegida (IGP), no concelho de Vila Real.<\/p>\n<p data-remotead-prev-elm=\"true\" data-remotead-elm-id=\"centro2\">Segundo a ASAE, o objetivo foi &#8220;a salvaguarda da autenticidade e da qualidade dos vinhos da regi\u00e3o, assegurando o rigor em todas as fases da produ\u00e7\u00e3o, embalamento, distribui\u00e7\u00e3o e comercializa\u00e7\u00e3o, garantindo que os produtos respeitem as origens geogr\u00e1ficas declaradas&#8221;.<\/p>\n<p>O setor vitivin\u00edcola \u00e9 um dos que, segundo aquele \u00f3rg\u00e3o de pol\u00edcia criminal, tem maior relev\u00e2ncia na economia nacional, pelo que garantiu que continuar\u00e1 a refor\u00e7ar a\u00e7\u00f5es de inspe\u00e7\u00e3o neste setor, no combate a pr\u00e1ticas fraudulentas e enganosas, em todo o territ\u00f3rio nacional e em prol de uma s\u00e3 e leal concorr\u00eancia entre operadores econ\u00f3micos.<\/p>\n","protected":false},"excerpt":{"rendered":"Em comunicado, a ASAE indica que realizou uma opera\u00e7\u00e3o de fiscaliza\u00e7\u00e3o numa unidade de engarrafamento, comercializa\u00e7\u00e3o e exporta\u00e7\u00e3o&hellip;\n","protected":false},"author":2,"featured_media":155528,"comment_status":"","ping_status":"","sticky":false,"template":"","format":"standard","meta":{"footnotes":""},"categories":[10],"tags":[15350,27,28,15,16,14,603,25,26,21,22,12,13,19,20,32,23,24,33,17,18,29,30,31,3911],"class_list":{"0":"post-155527","1":"post","2":"type-post","3":"status-publish","4":"format-standard","5":"has-post-thumbnail","7":"category-portugal","8":"tag-asae","9":"tag-breaking-news","10":"tag-breakingnews","11":"tag-featured-news","12":"tag-featurednews","13":"tag-headlines","14":"tag-justica","15":"tag-latest-news","16":"tag-latestnews","17":"tag-main-news","18":"tag-mainnews","19":"tag-news","20":"tag-noticias","21":"tag-noticias-principais","22":"tag-noticiasprincipais","23":"tag-portugal","24":"tag-principais-noticias","25":"tag-principaisnoticias","26":"tag-pt","27":"tag-top-stories","28":"tag-topstories","29":"tag-ultimas","30":"tag-ultimas-noticias","31":"tag-ultimasnoticias","32":"tag-vinho"},"share_on_mastodon":{"url":"https:\/\/pubeurope.com\/@pt\/115566674739557644","error":""},"_links":{"self":[{"href":"https:\/\/www.europesays.com\/pt\/wp-json\/wp\/v2\/posts\/155527","targetHints":{"allow":["GET"]}}],"collection":[{"href":"https:\/\/www.europesays.com\/pt\/wp-json\/wp\/v2\/posts"}],"about":[{"href":"https:\/\/www.europesays.com\/pt\/wp-json\/wp\/v2\/types\/post"}],"author":[{"embeddable":true,"href":"https:\/\/www.europesays.com\/pt\/wp-json\/wp\/v2\/users\/2"}],"replies":[{"embeddable":true,"href":"https:\/\/www.europesays.com\/pt\/wp-json\/wp\/v2\/comments?post=155527"}],"version-history":[{"count":0,"href":"https:\/\/www.europesays.com\/pt\/wp-json\/wp\/v2\/posts\/155527\/revisions"}],"wp:featuredmedia":[{"embeddable":true,"href":"https:\/\/www.europesays.com\/pt\/wp-json\/wp\/v2\/media\/155528"}],"wp:attachment":[{"href":"https:\/\/www.europesays.com\/pt\/wp-json\/wp\/v2\/media?parent=155527"}],"wp:term":[{"taxonomy":"category","embeddable":true,"href":"https:\/\/www.europesays.com\/pt\/wp-json\/wp\/v2\/categories?post=155527"},{"taxonomy":"post_tag","embeddable":true,"href":"https:\/\/www.europesays.com\/pt\/wp-json\/wp\/v2\/tags?post=155527"}],"curies":[{"name":"wp","href":"https:\/\/api.w.org\/{rel}","templated":true}]}}