{"id":155533,"date":"2025-11-17T19:26:10","date_gmt":"2025-11-17T19:26:10","guid":{"rendered":"https:\/\/www.europesays.com\/pt\/155533\/"},"modified":"2025-11-17T19:26:10","modified_gmt":"2025-11-17T19:26:10","slug":"pessimo-estado-de-conservacao-danos-nas-vigas-levam-louvre-a-fechar-galeria","status":"publish","type":"post","link":"https:\/\/www.europesays.com\/pt\/155533\/","title":{"rendered":"&#8220;P\u00e9ssimo estado de conserva\u00e7\u00e3o&#8221;. Danos nas vigas levam Louvre a fechar galeria"},"content":{"rendered":"<p data-remotead-prev-elm=\"true\" data-remotead-elm-id=\"inread\">A Galeria Campana, que abriga nove salas dedicadas \u00e0 cer\u00e2mica da Gr\u00e9cia Antiga, ser\u00e1 fechada enquanto s\u00e3o realizadas investiga\u00e7\u00f5es sobre &#8220;certas vigas que sustentam os pisos do segundo andar&#8221;, acima dela, segundo um comunicado.<\/p>\n<p>O an\u00fancio n\u00e3o tem rela\u00e7\u00e3o com o recente roubo na galeria de arte mais visitada do Mundo, mas \u00e9 uma not\u00edcia ainda mais indesej\u00e1vel para uma institui\u00e7\u00e3o que tem enfrentado severas cr\u00edticas na Fran\u00e7a devido \u00e0s suas defici\u00eancias de seguran\u00e7a. No m\u00eas passado, um grupo de quatro homens invadiu o Louvre em plena luz do dia, utilizando uma escada extens\u00edvel, e fugiu com joias avaliadas em cerca de 86 milh\u00f5es de euros, para espanto dos visitantes. Antes da invas\u00e3o, o principal administrador do museu havia alertado publicamente sobre as condi\u00e7\u00f5es dentro do antigo pal\u00e1cio real, que recebeu 8,7 milh\u00f5es de visitantes nas suas vastas galerias no ano passado.<\/p>\n<p>A diretora do Louvre, Laurence des Cars, alertou num memorando em janeiro sobre uma &#8220;prolifera\u00e7\u00e3o de danos nos espa\u00e7os do museu, alguns dos quais est\u00e3o em p\u00e9ssimo estado de conserva\u00e7\u00e3o&#8221;. Segundo Des Cars, algumas \u00e1reas &#8220;j\u00e1 n\u00e3o eram imperme\u00e1veis, enquanto outras apresentavam varia\u00e7\u00f5es significativas de temperatura, pondo em risco a preserva\u00e7\u00e3o das obras de arte&#8221;.<\/p>\n<p>A Galeria Campana est\u00e1 localizada no primeiro andar da ala Sully, no extremo leste do complexo, sendo que o segundo andar, acima dela, foi identificado pelo museu como tendo problemas estruturais. O espa\u00e7o \u00e9 atualmente utilizado como escrit\u00f3rio, informou o museu. As 65 pessoas que normalmente l\u00e1 trabalham est\u00e3o a ser realocadas. <\/p>\n","protected":false},"excerpt":{"rendered":"A Galeria Campana, que abriga nove salas dedicadas \u00e0 cer\u00e2mica da Gr\u00e9cia Antiga, ser\u00e1 fechada enquanto s\u00e3o realizadas&hellip;\n","protected":false},"author":2,"featured_media":155534,"comment_status":"","ping_status":"","sticky":false,"template":"","format":"standard","meta":{"footnotes":""},"categories":[144],"tags":[207,205,206,203,201,202,204,114,115,62,12926,32,33],"class_list":{"0":"post-155533","1":"post","2":"type-post","3":"status-publish","4":"format-standard","5":"has-post-thumbnail","7":"category-arte-e-design","8":"tag-arte","9":"tag-arte-e-design","10":"tag-artedesign","11":"tag-arts","12":"tag-arts-and-design","13":"tag-artsanddesign","14":"tag-design","15":"tag-entertainment","16":"tag-entretenimento","17":"tag-mundo","18":"tag-museu-do-louvre","19":"tag-portugal","20":"tag-pt"},"share_on_mastodon":{"url":"https:\/\/pubeurope.com\/@pt\/115566685948379336","error":""},"_links":{"self":[{"href":"https:\/\/www.europesays.com\/pt\/wp-json\/wp\/v2\/posts\/155533","targetHints":{"allow":["GET"]}}],"collection":[{"href":"https:\/\/www.europesays.com\/pt\/wp-json\/wp\/v2\/posts"}],"about":[{"href":"https:\/\/www.europesays.com\/pt\/wp-json\/wp\/v2\/types\/post"}],"author":[{"embeddable":true,"href":"https:\/\/www.europesays.com\/pt\/wp-json\/wp\/v2\/users\/2"}],"replies":[{"embeddable":true,"href":"https:\/\/www.europesays.com\/pt\/wp-json\/wp\/v2\/comments?post=155533"}],"version-history":[{"count":0,"href":"https:\/\/www.europesays.com\/pt\/wp-json\/wp\/v2\/posts\/155533\/revisions"}],"wp:featuredmedia":[{"embeddable":true,"href":"https:\/\/www.europesays.com\/pt\/wp-json\/wp\/v2\/media\/155534"}],"wp:attachment":[{"href":"https:\/\/www.europesays.com\/pt\/wp-json\/wp\/v2\/media?parent=155533"}],"wp:term":[{"taxonomy":"category","embeddable":true,"href":"https:\/\/www.europesays.com\/pt\/wp-json\/wp\/v2\/categories?post=155533"},{"taxonomy":"post_tag","embeddable":true,"href":"https:\/\/www.europesays.com\/pt\/wp-json\/wp\/v2\/tags?post=155533"}],"curies":[{"name":"wp","href":"https:\/\/api.w.org\/{rel}","templated":true}]}}