{"id":155535,"date":"2025-11-17T19:28:17","date_gmt":"2025-11-17T19:28:17","guid":{"rendered":"https:\/\/www.europesays.com\/pt\/155535\/"},"modified":"2025-11-17T19:28:17","modified_gmt":"2025-11-17T19:28:17","slug":"pedro-e-marisa-conversam-sobre-a-familia-ate-leandro-aparecer-de-repente-no-quarto-secret-story","status":"publish","type":"post","link":"https:\/\/www.europesays.com\/pt\/155535\/","title":{"rendered":"Pedro e Marisa conversam sobre a fam\u00edlia at\u00e9 Leandro aparecer de repente no quarto &#8211; Secret Story"},"content":{"rendered":"<p>No Secret Story 9, Pedro e Marisa conversa a s\u00f3s no quarto. Os dois falam sobre a fam\u00edlia at\u00e9 Leandro entrar no quarto a meio da conversa.<\/p>\n<p>De recordar que esta<a href=\"https:\/\/tvi.iol.pt\/secretstory\/\" rel=\"nofollow noopener\" target=\"_blank\"> nona edi\u00e7\u00e3o do Secret Story\u00a0<\/a>estreou-se em setembro de 2025, com a gala de estreia a 14 de setembro, e est\u00e1 atualmente a ser emitido na TVI. A edi\u00e7\u00e3o \u00e9 apresentada por\u00a0Cristina Ferreira\u00a0e tem como destaque o maior pr\u00e9mio de sempre num reality show, 250 mil euros.\u00a0<\/p>\n<p>Continue a acompanhar tudo no <a href=\"https:\/\/tvi.iol.pt\/secretstory\/aominuto\" rel=\"nofollow noopener\" target=\"_blank\">ao minuto do site <\/a>e em TVI Reality.\u00a0<\/p>\n","protected":false},"excerpt":{"rendered":"No Secret Story 9, Pedro e Marisa conversa a s\u00f3s no quarto. Os dois falam sobre a fam\u00edlia&hellip;\n","protected":false},"author":2,"featured_media":155536,"comment_status":"","ping_status":"","sticky":false,"template":"","format":"standard","meta":{"footnotes":""},"categories":[142],"tags":[114,115,19033,19034,32,33,151,19032],"class_list":{"0":"post-155535","1":"post","2":"type-post","3":"status-publish","4":"format-standard","5":"has-post-thumbnail","7":"category-tv","8":"tag-entertainment","9":"tag-entretenimento","10":"tag-galas-em-video","11":"tag-melhores-momentos-casa-dos-segredos","12":"tag-portugal","13":"tag-pt","14":"tag-tv","15":"tag-videos-secret-story-tvi"},"share_on_mastodon":{"url":"https:\/\/pubeurope.com\/@pt\/115566693815788221","error":""},"_links":{"self":[{"href":"https:\/\/www.europesays.com\/pt\/wp-json\/wp\/v2\/posts\/155535","targetHints":{"allow":["GET"]}}],"collection":[{"href":"https:\/\/www.europesays.com\/pt\/wp-json\/wp\/v2\/posts"}],"about":[{"href":"https:\/\/www.europesays.com\/pt\/wp-json\/wp\/v2\/types\/post"}],"author":[{"embeddable":true,"href":"https:\/\/www.europesays.com\/pt\/wp-json\/wp\/v2\/users\/2"}],"replies":[{"embeddable":true,"href":"https:\/\/www.europesays.com\/pt\/wp-json\/wp\/v2\/comments?post=155535"}],"version-history":[{"count":0,"href":"https:\/\/www.europesays.com\/pt\/wp-json\/wp\/v2\/posts\/155535\/revisions"}],"wp:featuredmedia":[{"embeddable":true,"href":"https:\/\/www.europesays.com\/pt\/wp-json\/wp\/v2\/media\/155536"}],"wp:attachment":[{"href":"https:\/\/www.europesays.com\/pt\/wp-json\/wp\/v2\/media?parent=155535"}],"wp:term":[{"taxonomy":"category","embeddable":true,"href":"https:\/\/www.europesays.com\/pt\/wp-json\/wp\/v2\/categories?post=155535"},{"taxonomy":"post_tag","embeddable":true,"href":"https:\/\/www.europesays.com\/pt\/wp-json\/wp\/v2\/tags?post=155535"}],"curies":[{"name":"wp","href":"https:\/\/api.w.org\/{rel}","templated":true}]}}