{"id":155539,"date":"2025-11-17T19:33:09","date_gmt":"2025-11-17T19:33:09","guid":{"rendered":"https:\/\/www.europesays.com\/pt\/155539\/"},"modified":"2025-11-17T19:33:09","modified_gmt":"2025-11-17T19:33:09","slug":"biologo-americano-engana-ao-dizer-que-remedios-antiparasitarios-funcionam-contra-cancer","status":"publish","type":"post","link":"https:\/\/www.europesays.com\/pt\/155539\/","title":{"rendered":"Bi\u00f3logo americano engana ao dizer que rem\u00e9dios antiparasit\u00e1rios funcionam contra c\u00e2ncer"},"content":{"rendered":"<p data-component-name=\"paragraph\" class=\"styles__ParagraphStyled-sc-6adecn-0 gsLklW  \"><strong>O que est\u00e3o compartilhando:<\/strong> que medicamentos antiparasit\u00e1rios funcionam contra c\u00e9lulas cancer\u00edgenas porque tumores e parasitas produzem energia da mesma maneira. A alega\u00e7\u00e3o \u00e9 feita por Thomas Seyfried, um bi\u00f3logo americano.<\/p>\n<p data-component-name=\"paragraph\" class=\"styles__ParagraphStyled-sc-6adecn-0 gsLklW  \"><strong>O Estad\u00e3o Verifica investigou e concluiu que:<\/strong> \u00e9 enganoso. A teoria de Seyfried ainda n\u00e3o tem comprova\u00e7\u00e3o cient\u00edfica. Especialista ouvida pelo Verifica explicou que medicamentos antiparasit\u00e1rios n\u00e3o s\u00e3o aprovados para o tratamento contra o c\u00e2ncer e que o consenso cient\u00edfico atual \u00e9 de que o c\u00e2ncer \u00e9 uma doen\u00e7a complexa, causada por diferentes fatores. A informa\u00e7\u00e3o foi confirmada pelo Minist\u00e9rio da Sa\u00fade e o Instituto Nacional do C\u00e2ncer (Inca). <\/p>\n<p><img  loading=\"lazy\" class=\"lazy-load-img\"\/><\/p>\n<p>N\u00e3o h\u00e1 comprova\u00e7\u00e3o de que medicamentos contra parasitas sejam eficazes contra c\u00e9lulas cancer\u00edgenas.\u00a0Foto:  Reprodu\u00e7\u00e3o\/Instagra<\/p>\n<p><strong>Saiba mais:<\/strong> O v\u00eddeo mostra um trecho de discurso do bi\u00f3logo americano Thomas Seyfried, em que ele afirma que medicamentos antiparasitas funcionam contra c\u00e9lulas cancer\u00edgenas. No seu discurso, Seyfried diz que \u201cparasitas e tumores usam uma via metab\u00f3lica comum e um medicamento que funciona contra parasitas pode ser muito eficaz contra o c\u00e2ncer\u201d.<\/p>\n<p>\u201cUm homem nos EUA que estava com um c\u00e2ncer terminal curou 100% da doen\u00e7a usando verm\u00edfugo pra cachorro\u201d e \u201celes sabem que funciona contra c\u00e2ncer. A perversidade da ind\u00fastria farmac\u00eautica n\u00e3o deixa\u201d s\u00e3o exemplos de coment\u00e1rios deixados na publica\u00e7\u00e3o do v\u00eddeo no Instagram. <\/p>\n<p data-component-name=\"paragraph\" class=\"styles__ParagraphStyled-sc-6adecn-0 gsLklW  \">Mas ainda n\u00e3o h\u00e1 comprova\u00e7\u00e3o de que medicamentos contra parasitas sejam eficazes contra c\u00e9lulas cancer\u00edgenas. Al\u00e9m disso, a explica\u00e7\u00e3o de que tumores e parasitas utilizam uma via metab\u00f3lica em comum \u00e9 simplista, segundo avaliou a m\u00e9dica oncologista Danielle Laperche, integrante da diretoria da Sociedade Brasileira de Oncologia Cl\u00ednica (Sboc).<\/p>\n<p data-component-name=\"paragraph\" class=\"styles__ParagraphStyled-sc-6adecn-0 gsLklW  \">\u201cNenhum medicamento antiparasit\u00e1rio est\u00e1 aprovado por qualquer ag\u00eancia regulat\u00f3ria para tratamento de c\u00e2ncer por n\u00e3o existir realmente estudos que justifiquem esse uso\u201d, explicou Laperche. <\/p>\n<p data-component-name=\"paragraph\" class=\"styles__ParagraphStyled-sc-6adecn-0 gsLklW  \">\u201cNa pr\u00e1tica cl\u00ednica, o uso de antiparasit\u00e1rios na oncologia est\u00e1 restrito ao seu uso original, realmente com o objetivo de tratar verminoses e n\u00e3o como um rem\u00e9dio contra o c\u00e2ncer\u201d, completou.<\/p>\n<p data-component-name=\"paragraph\" class=\"styles__ParagraphStyled-sc-6adecn-0 gsLklW  \"><a href=\"https:\/\/www.gov.br\/saude\/pt-br\/assuntos\/saude-com-ciencia\/noticias\/2024\/julho\/ivermectina-nao-deve-ser-usada-para-tratar-cancer\" target=\"_blank\" rel=\"nofollow noopener\" title=\"https:\/\/www.gov.br\/saude\/pt-br\/assuntos\/saude-com-ciencia\/noticias\/2024\/julho\/ivermectina-nao-deve-ser-usada-para-tratar-cancer\">O Minist\u00e9rio da Sa\u00fade<\/a> desmentiu que o rem\u00e9dio ivermectina, um antiparasit\u00e1rio, seja eficaz no tratamento do c\u00e2ncer: \u201cA Ag\u00eancia Nacional de Vigil\u00e2ncia Sanit\u00e1ria (Anvisa) informou que n\u00e3o recebeu solicita\u00e7\u00e3o dos fabricantes para que avaliasse sua poss\u00edvel indica\u00e7\u00e3o terap\u00eautica contra o c\u00e2ncer. Ou seja, n\u00e3o h\u00e1 perspectiva de que o antiparasit\u00e1rio seja aprovado para este uso\u201d.<\/p>\n<p data-component-name=\"paragraph\" class=\"styles__ParagraphStyled-sc-6adecn-0 gsLklW  \">O Verifica j\u00e1 provou que n<a href=\"https:\/\/www.estadao.com.br\/estadao-verifica\/falso-evidencia-cientifica-ivermectina-cura-tumor-prostata\/\" target=\"_blank\" rel=\"nofollow noopener\" title=\"https:\/\/www.estadao.com.br\/estadao-verifica\/falso-evidencia-cientifica-ivermectina-cura-tumor-prostata\/\">\u00e3o existe evid\u00eancia cient\u00edfica de que ivermectina cure tumor na pr\u00f3stata<\/a> e que o <a href=\"https:\/\/www.estadao.com.br\/estadao-verifica\/ivermectina-nao-pode-ser-considerada-tratamento-contra-cancer\/?srsltid=AfmBOoqFu5T7OXfa_I72vwbxoL3vRp1DJrsqutX5ZCRdzcmuM4-MMRcu\" target=\"_blank\" rel=\"nofollow noopener\" title=\"https:\/\/www.estadao.com.br\/estadao-verifica\/ivermectina-nao-pode-ser-considerada-tratamento-contra-cancer\/?srsltid=AfmBOoqFu5T7OXfa_I72vwbxoL3vRp1DJrsqutX5ZCRdzcmuM4-MMRcu\">rem\u00e9dio n\u00e3o pode ser considerado tratamento contra c\u00e2ncer<\/a>.<\/p>\n<p>Estudos sobre o tema n\u00e3o s\u00e3o conclusivos<\/p>\n<p data-component-name=\"paragraph\" class=\"styles__ParagraphStyled-sc-6adecn-0 gsLklW  \">A m\u00e9dica da Sboc explica que existem estudos de laborat\u00f3rio in vitro que testam o potencial de inibi\u00e7\u00e3o de c\u00e9lulas tumorais com antiparasit\u00e1rios. Al\u00e9m disso, h\u00e1 estudos que utilizam ratos expostos aos medicamentos em determinadas situa\u00e7\u00f5es. Mas como explica Laperche, o que funciona em c\u00e9lulas e ratos na maioria das vezes n\u00e3o funciona em humanos.<\/p>\n<p data-component-name=\"paragraph\" class=\"styles__ParagraphStyled-sc-6adecn-0 gsLklW  \">\u201cO que a gente precisa entender \u00e9 que a transposi\u00e7\u00e3o desses dados para modelos humanos, na imensa maioria das vezes, n\u00e3o mostra a mesma efic\u00e1cia porque as intera\u00e7\u00f5es s\u00e3o muito mais complexas\u201d, explicou. <\/p>\n<p data-component-name=\"paragraph\" class=\"styles__ParagraphStyled-sc-6adecn-0 gsLklW  \">Segundo Danielle Laperche, estudos de fase 2 ou 3, em que os pacientes s\u00e3o testados com a droga em investiga\u00e7\u00e3o comparada com o tratamento padr\u00e3o, n\u00e3o mostraram nenhum benef\u00edcio real na vida dos pacientes testados. <\/p>\n<p data-component-name=\"paragraph\" class=\"styles__ParagraphStyled-sc-6adecn-0 gsLklW  \">A especialista enfatiza que, por ser uma quest\u00e3o experimental, n\u00e3o h\u00e1 indica\u00e7\u00e3o cl\u00ednica de uso de medicamentos antiparasit\u00e1rios como tratamento de c\u00e2ncer.<\/p>\n<p data-component-name=\"paragraph\" class=\"styles__ParagraphStyled-sc-6adecn-0 gsLklW  \">\u201cNesse cen\u00e1rio ainda est\u00e1 muito distante de ter qualquer valida\u00e7\u00e3o cl\u00ednica que sustente o seu uso para os m\u00e9dicos e pacientes\u201d, disse. <\/p>\n<p>Parasitas e tumores utilizam uma via metab\u00f3lica em comum?<\/p>\n<p data-component-name=\"paragraph\" class=\"styles__ParagraphStyled-sc-6adecn-0 gsLklW  \">A m\u00e9dica Danielle esclarece que a alega\u00e7\u00e3o de uma via metab\u00f3lica comum entre c\u00e9lulas tumorais e parasitas \u00e9 \u201cmuito simplista\u201d. O metabolismo s\u00e3o as <a href=\"http:\/\/homepage.ufp.pt\/pedros\/bq\/integracao.htm\" target=\"_blank\" rel=\"noreferrer nofollow noopener\" title=\"http:\/\/homepage.ufp.pt\/pedros\/bq\/integracao.htm\">rea\u00e7\u00f5es qu\u00edmicas que ocorrem nas c\u00e9lulas<\/a>. Uma dessas rea\u00e7\u00f5es \u00e9 a transforma\u00e7\u00e3o de glicose (a\u00e7\u00facar) em energia.<\/p>\n<p data-component-name=\"paragraph\" class=\"styles__ParagraphStyled-sc-6adecn-0 gsLklW  \">De acordo com Danielle, h\u00e1 quem defenda que as c\u00e9lulas do c\u00e2ncer e parasitas utilizam primordialmente a glicose para a produ\u00e7\u00e3o de energia. Nessa l\u00f3gica, um medicamento que inibisse essa via da glicose em parasitas poderia ter o mesmo efeito em tumores cancer\u00edgenos. <\/p>\n<p>Ocorre que as c\u00e9lulas tumorais modificam seu metabolismo para sobreviver e crescer, utilizando diferentes vias energ\u00e9ticas. Al\u00e9m da glicose, essas c\u00e9lulas podem usar a glutamina (um amino\u00e1cido) e lip\u00eddios como fontes alternativas de energia. Vale dizer que essa altera\u00e7\u00e3o do metabolismo \u00e9 apenas uma das caracter\u00edsticas do c\u00e2ncer, uma doen\u00e7a complexa. <\/p>\n<p> \u201cA ideia de que seria poss\u00edvel controlar o c\u00e2ncer majoritariamente por essas interven\u00e7\u00f5es no metabolismo, com certos esquemas de dieta ou drogas fora de indica\u00e7\u00e3o, \u00e9 vista como marginal, n\u00e3o comprovada e simplista diante da complexidade que \u00e9 comprovada em diversos estudos\u201d, disse. <\/p>\n<p><a href=\"https:\/\/www.gov.br\/inca\/pt-br\/assuntos\/causas-e-prevencao-do-cancer\/o-que-causa-o-cancer\" target=\"_blank\" rel=\"nofollow noopener\" title=\"https:\/\/www.gov.br\/inca\/pt-br\/assuntos\/causas-e-prevencao-do-cancer\/o-que-causa-o-cancer\">O Instituto Nacional do C\u00e2ncer (Inca)<\/a> informa que a doen\u00e7a \u00e9 multifatorial. Segundo a entidade, as causas s\u00e3o externas (presentes no meio ambiente) e internas (hormonais, condi\u00e7\u00f5es imunol\u00f3gicas ou gen\u00e9ticas). Ainda segundo o Instituto, 80% a 90% dos casos de c\u00e2ncer est\u00e3o associados a causas externas.<\/p>\n<p>Quem \u00e9 Thomas Seyfried? <\/p>\n<p data-component-name=\"paragraph\" class=\"styles__ParagraphStyled-sc-6adecn-0 gsLklW  \"><a href=\"https:\/\/www.bc.edu\/bc-web\/schools\/morrissey\/departments\/biology\/people\/faculty-directory\/thomas-seyfried.html\" target=\"_blank\" rel=\"nofollow noopener\" title=\"https:\/\/www.bc.edu\/bc-web\/schools\/morrissey\/departments\/biology\/people\/faculty-directory\/thomas-seyfried.html\">Thomas N. Seyfred \u00e9 professor de biologia na Boston College<\/a>, uma universidade nos Estados Unidos. Ele \u00e9 o autor do livro \u201cC\u00e2ncer como doen\u00e7a metab\u00f3lica\u201d (traduzido para o portugu\u00eas), em que ele difunde a teoria de que o c\u00e2ncer seria resultado de uma desregula\u00e7\u00e3o metab\u00f3lica. <\/p>\n<p data-component-name=\"paragraph\" class=\"styles__ParagraphStyled-sc-6adecn-0 gsLklW  \">No \u00e2mbito da pesquisa, a m\u00e9dica do Sboc esclarece que essa \u00e9 uma tese v\u00e1lida para levantar hip\u00f3teses e ser alvo de estudos, mas que ainda n\u00e3o \u00e9 suficiente para prescrever, por exemplo, rem\u00e9dios fora de indica\u00e7\u00e3o para o tratamento do c\u00e2ncer. <\/p>\n<p data-component-name=\"paragraph\" class=\"styles__ParagraphStyled-sc-6adecn-0 gsLklW  \">\u201cAs teses do Dr. Seyfried t\u00eam um nicho entre defensores de abordagens alternativas e complementares, mas n\u00e3o tem respaldo para substituir o tratamento padr\u00e3o em oncologia\u201d, afirmou.<\/p>\n","protected":false},"excerpt":{"rendered":"O que est\u00e3o compartilhando: que medicamentos antiparasit\u00e1rios funcionam contra c\u00e9lulas cancer\u00edgenas porque tumores e parasitas produzem energia da&hellip;\n","protected":false},"author":2,"featured_media":155540,"comment_status":"","ping_status":"","sticky":false,"template":"","format":"standard","meta":{"footnotes":""},"categories":[86],"tags":[11446,33409,1771,10330,33410,1895,7479,1773,26054,11393,1224,1223,33411,3913,11569,2641,1225,1785,17832,15091,116,7367,1104,7491,33412,1791,1794,1795,21145,33413,26058,33414,33415,33416,33417,33418,15096,32,33,15100,21675,117,105,33419,11417,11418,33420,33421,26064,1893,33422],"class_list":{"0":"post-155539","1":"post","2":"type-post","3":"status-publish","4":"format-standard","5":"has-post-thumbnail","7":"category-saude","8":"tag-3d-illustration","9":"tag-3d-image","10":"tag-3d-rendering","11":"tag-analysis","12":"tag-arcturus","13":"tag-bacteria","14":"tag-biohazard","15":"tag-biology","16":"tag-contagion","17":"tag-contagious","18":"tag-corona","19":"tag-corona-virus","20":"tag-corona-viruses","21":"tag-coronavirus","22":"tag-covid","23":"tag-covid-19","24":"tag-covid19","25":"tag-disease","26":"tag-emergency","27":"tag-flu","28":"tag-health","29":"tag-illness","30":"tag-illustration","31":"tag-infection","32":"tag-infectious-disease","33":"tag-laboratory","34":"tag-medical","35":"tag-medicine","36":"tag-microbiology","37":"tag-microorganism","38":"tag-microscopic","39":"tag-mutation","40":"tag-novel-coronavirus","41":"tag-omicron","42":"tag-omicron-variant","43":"tag-omicron-virus","44":"tag-pandemic","45":"tag-portugal","46":"tag-pt","47":"tag-sars","48":"tag-sars-cov-2","49":"tag-saude","50":"tag-science","51":"tag-sub-variant","52":"tag-vaccination","53":"tag-vaccine","54":"tag-variant","55":"tag-viral-disease","56":"tag-virology","57":"tag-virus","58":"tag-xbb-1-16"},"share_on_mastodon":{"url":"","error":"Validation failed: Text character limit of 500 exceeded"},"_links":{"self":[{"href":"https:\/\/www.europesays.com\/pt\/wp-json\/wp\/v2\/posts\/155539","targetHints":{"allow":["GET"]}}],"collection":[{"href":"https:\/\/www.europesays.com\/pt\/wp-json\/wp\/v2\/posts"}],"about":[{"href":"https:\/\/www.europesays.com\/pt\/wp-json\/wp\/v2\/types\/post"}],"author":[{"embeddable":true,"href":"https:\/\/www.europesays.com\/pt\/wp-json\/wp\/v2\/users\/2"}],"replies":[{"embeddable":true,"href":"https:\/\/www.europesays.com\/pt\/wp-json\/wp\/v2\/comments?post=155539"}],"version-history":[{"count":0,"href":"https:\/\/www.europesays.com\/pt\/wp-json\/wp\/v2\/posts\/155539\/revisions"}],"wp:featuredmedia":[{"embeddable":true,"href":"https:\/\/www.europesays.com\/pt\/wp-json\/wp\/v2\/media\/155540"}],"wp:attachment":[{"href":"https:\/\/www.europesays.com\/pt\/wp-json\/wp\/v2\/media?parent=155539"}],"wp:term":[{"taxonomy":"category","embeddable":true,"href":"https:\/\/www.europesays.com\/pt\/wp-json\/wp\/v2\/categories?post=155539"},{"taxonomy":"post_tag","embeddable":true,"href":"https:\/\/www.europesays.com\/pt\/wp-json\/wp\/v2\/tags?post=155539"}],"curies":[{"name":"wp","href":"https:\/\/api.w.org\/{rel}","templated":true}]}}