{"id":155546,"date":"2025-11-17T19:40:30","date_gmt":"2025-11-17T19:40:30","guid":{"rendered":"https:\/\/www.europesays.com\/pt\/155546\/"},"modified":"2025-11-17T19:40:30","modified_gmt":"2025-11-17T19:40:30","slug":"ministra-admite-que-numero-de-chamadas-por-atender-na-linha-de-saude-24-e-muito-elevado","status":"publish","type":"post","link":"https:\/\/www.europesays.com\/pt\/155546\/","title":{"rendered":"Ministra admite que n\u00famero de chamadas por atender na Linha de Sa\u00fade 24 \u00e9 &#8220;muito elevado&#8221;"},"content":{"rendered":"<p>                A ministra da Sa\u00fade reconheceu hoje que meio milh\u00e3o de chamadas por atender na Linha de Sa\u00fade 24 \u00e9 um n\u00famero &#8220;muito elevado&#8221;, mas explicou que se registou um grande aumento de chamadas.<\/p>\n<p>Em declara\u00e7\u00f5es aos jornalistas \u00e0 margem de uma visita ao Hospital de Portim\u00e3o sobre as cerca de um milh\u00e3o e meio de chamadas que ficaram por atender na Linha de Sa\u00fade 24, a ministra disse que &#8220;o n\u00famero \u00e9 obviamente muito elevado&#8221;.<br \/>&#13;\n<\/p>\n<p>          <img decoding=\"async\" itemprop=\"image\" class=\"img-fluid\"   src=\"https:\/\/www.europesays.com\/pt\/wp-content\/uploads\/2025\/11\/1fe5182a0aecd30cb58f0681722bc69f_N.jpg\"\/><\/p>\n<p>\nA ministra lembrou que houve um aumento de 1,8 para quase quatro milh\u00f5es de chamadas para a Linha de Sa\u00fade 24, tendo a linha vindo a ser refor\u00e7ada, mas reconhecendo que os constrangimentos &#8220;n\u00e3o est\u00e3o todos ultrapassados&#8221;.<\/p>\n<p>Segundo Ana Paula Martins, h\u00e1 dias da semana, &#8220;como \u00e0 segunda-feira, em que o tempo de atendimento ultrapassa&#8221; os tr\u00eas minutos, afirmando que \u00e9 necess\u00e1rio &#8220;chegar ao inverno com melhores n\u00edveis de atendimento&#8221;.<\/p>\n<p>&#8220;Isso est\u00e1 a ser feito com os Servi\u00e7os Partilhados do Minist\u00e9rio da Sa\u00fade e com a Altice para conseguirmos dar resposta, porque cada vez mais, isso \u00e9 um bom sinal ao termos mais pessoas a ligar para SNS antes de virem para as urg\u00eancias&#8221;, concluiu.<\/p>\n<p>Ana Paula Martins iniciou hoje visitas pelas Unidades Locais de Sa\u00fade de todo o pa\u00eds, no \u00e2mbito da prepara\u00e7\u00e3o do Servi\u00e7o Nacional de Sa\u00fade (SNS) para o per\u00edodo de inverno.<br \/>&#13;\n            <\/p>\n","protected":false},"excerpt":{"rendered":"A ministra da Sa\u00fade reconheceu hoje que meio milh\u00e3o de chamadas por atender na Linha de Sa\u00fade 24&hellip;\n","protected":false},"author":2,"featured_media":155547,"comment_status":"","ping_status":"","sticky":false,"template":"","format":"standard","meta":{"footnotes":""},"categories":[8],"tags":[27,28,15,16,14,25,26,33428,21,22,20290,12,13,19,20,32,23,24,33,33427,17,18,29,30,31],"class_list":{"0":"post-155546","1":"post","2":"type-post","3":"status-publish","4":"format-standard","5":"has-post-thumbnail","7":"category-principais-noticias","8":"tag-breaking-news","9":"tag-breakingnews","10":"tag-featured-news","11":"tag-featurednews","12":"tag-headlines","13":"tag-latest-news","14":"tag-latestnews","15":"tag-linha-saude-24","16":"tag-main-news","17":"tag-mainnews","18":"tag-ministra-da-saude","19":"tag-news","20":"tag-noticias","21":"tag-noticias-principais","22":"tag-noticiasprincipais","23":"tag-portugal","24":"tag-principais-noticias","25":"tag-principaisnoticias","26":"tag-pt","27":"tag-ronda-saude","28":"tag-top-stories","29":"tag-topstories","30":"tag-ultimas","31":"tag-ultimas-noticias","32":"tag-ultimasnoticias"},"share_on_mastodon":{"url":"https:\/\/pubeurope.com\/@pt\/115566741752458881","error":""},"_links":{"self":[{"href":"https:\/\/www.europesays.com\/pt\/wp-json\/wp\/v2\/posts\/155546","targetHints":{"allow":["GET"]}}],"collection":[{"href":"https:\/\/www.europesays.com\/pt\/wp-json\/wp\/v2\/posts"}],"about":[{"href":"https:\/\/www.europesays.com\/pt\/wp-json\/wp\/v2\/types\/post"}],"author":[{"embeddable":true,"href":"https:\/\/www.europesays.com\/pt\/wp-json\/wp\/v2\/users\/2"}],"replies":[{"embeddable":true,"href":"https:\/\/www.europesays.com\/pt\/wp-json\/wp\/v2\/comments?post=155546"}],"version-history":[{"count":0,"href":"https:\/\/www.europesays.com\/pt\/wp-json\/wp\/v2\/posts\/155546\/revisions"}],"wp:featuredmedia":[{"embeddable":true,"href":"https:\/\/www.europesays.com\/pt\/wp-json\/wp\/v2\/media\/155547"}],"wp:attachment":[{"href":"https:\/\/www.europesays.com\/pt\/wp-json\/wp\/v2\/media?parent=155546"}],"wp:term":[{"taxonomy":"category","embeddable":true,"href":"https:\/\/www.europesays.com\/pt\/wp-json\/wp\/v2\/categories?post=155546"},{"taxonomy":"post_tag","embeddable":true,"href":"https:\/\/www.europesays.com\/pt\/wp-json\/wp\/v2\/tags?post=155546"}],"curies":[{"name":"wp","href":"https:\/\/api.w.org\/{rel}","templated":true}]}}