{"id":155550,"date":"2025-11-17T19:43:11","date_gmt":"2025-11-17T19:43:11","guid":{"rendered":"https:\/\/www.europesays.com\/pt\/155550\/"},"modified":"2025-11-17T19:43:11","modified_gmt":"2025-11-17T19:43:11","slug":"fotografo-faz-impressionante-registro-de-tempestade-no-sul-do-brasil","status":"publish","type":"post","link":"https:\/\/www.europesays.com\/pt\/155550\/","title":{"rendered":"Fot\u00f3grafo faz impressionante registro de tempestade no Sul do Brasil"},"content":{"rendered":"<p>Temporais atingiram ontem o Uruguai, Rio Grande do Sul, o Oeste de Santa Catarina, o Oeste do Paran\u00e1 e o Paraguai com frentes de rajadas e c\u00e9lulas de tempestade que provocaram vendavais com estragos em diferentes localidades.<\/p>\n<p>Foi efeito de uma frente fria com uma baixa press\u00e3o a Leste da foz do Rio da Prata, o que organizou uma linha de tempestades que se formou no Norte da Patag\u00f4nia ainda no s\u00e1bado e avan\u00e7ou at\u00e9 o Paraguai e o Sul do Brasil.<\/p>\n<p>No Uruguai, esta\u00e7\u00e3o em Young registrou rajada de vento de 149,5 km\/h. V\u00e1rios pontos do Centro da Argentina tiveram mais de 100 km\/h. No Paraguai, o vento superou 100 km\/h na capital Assun\u00e7\u00e3o e no interior do pa\u00eds.<\/p>\n<p>A frente chegou ao Rio Grande do Sul pelo Oeste e o Sul no come\u00e7o da manh\u00e3 de domingo e ao avan\u00e7ar pelo estado no decorrer do dia trouxe rajadas de vento forte e chuva. Vendavais foram registrados em diferentes cidades de diversas regi\u00f5es ga\u00fachas.<\/p>\n<p>Monitoramento por esta\u00e7\u00f5es apontou rajadas de vento de 100 km\/h em Lajeado, 95 km\/h em Soledade, 92 km\/h em Barra do Ribeiro e Get\u00falio Vargas, 81 km\/h em Vale Verde e Santo Augusto, 79 km\/h em Cruz Alta, 76 km\/h em Rolante, 75 km\/h em Quara\u00ed, 74km\/h em Acegu\u00e1, 73 km\/h em Picada Caf\u00e9, e 71 km\/h em Pedras Altas e Dom Pedrito.<\/p>\n<p>Em Porto Alegre, o temporal chegou pouco depois das 17h com nuvens bastante carregadas que avan\u00e7aram de Oeste. A maior rajada de vento observada na capital foi de 96 km\/h \u00e0s 17h12 na esta\u00e7\u00e3o do Clube Jangadeiros, no Sul da cidade. No aeroporto, na zona Norte, o vento foi de 61 km\/h.<\/p>\n<p>A c\u00e9lula de tempestade associada \u00e0 linha frontal de temporais que passou por Porto Alegre ao redor das 17h se deslocou depois para Leste no sentido da BR-290 (Freeway) rumo ao Litoral Norte ga\u00facho.<\/p>\n<p>Em Os\u00f3rio, no Litoral Norte, o fot\u00f3grafo especializado em registros meteorol\u00f3gicos e astrofotografia Gabriel Zaparolli registrou a chegada da nuvem de tempestade que antes tinha passado por Porto Alegre. Veja a seguir a sequ\u00eancia de fotografias.<\/p>\n<p><img fetchpriority=\"high\" decoding=\"async\" aria-describedby=\"caption-attachment-261821\" class=\"wp-image-261821 size-full\" src=\"data:image\/svg+xml,%3Csvg%20xmlns=\" http:=\"\" alt=\"\" width=\"1366\" height=\"768\" data-lazy- data-lazy- data-lazy-src=\"https:\/\/www.europesays.com\/pt\/wp-content\/uploads\/2025\/11\/gabriel1711c.jpg.webp.webp\"\/><\/p>\n<p id=\"caption-attachment-261821\" class=\"wp-caption-text\">GABRIEL ZAPAROLLI<\/p>\n<p><img loading=\"lazy\" decoding=\"async\" aria-describedby=\"caption-attachment-261820\" class=\"wp-image-261820 size-full\" src=\"data:image\/svg+xml,%3Csvg%20xmlns=\" http:=\"\" alt=\"\" width=\"1366\" height=\"768\" data-lazy- data-lazy- data-lazy-src=\"https:\/\/www.europesays.com\/pt\/wp-content\/uploads\/2025\/11\/gabriel1711b.jpg.webp.webp\"\/><\/p>\n<p id=\"caption-attachment-261820\" class=\"wp-caption-text\">GABRIEL ZAPAROLLI<\/p>\n<p><img loading=\"lazy\" decoding=\"async\" aria-describedby=\"caption-attachment-261819\" class=\"wp-image-261819 size-full\" src=\"data:image\/svg+xml,%3Csvg%20xmlns=\" http:=\"\" alt=\"\" width=\"1366\" height=\"768\" data-lazy- data-lazy- data-lazy-src=\"https:\/\/www.europesays.com\/pt\/wp-content\/uploads\/2025\/11\/gabriel1711a.jpg.webp.webp\"\/><\/p>\n<p id=\"caption-attachment-261819\" class=\"wp-caption-text\">GABRIEL ZAPAROLLI<\/p>\n<p><img loading=\"lazy\" decoding=\"async\" aria-describedby=\"caption-attachment-261822\" class=\"wp-image-261822 size-full\" src=\"data:image\/svg+xml,%3Csvg%20xmlns=\" http:=\"\" alt=\"\" width=\"1366\" height=\"768\" data-lazy- data-lazy- data-lazy-src=\"https:\/\/www.europesays.com\/pt\/wp-content\/uploads\/2025\/11\/gabriel1711d.jpg.webp.webp\"\/><\/p>\n<p id=\"caption-attachment-261822\" class=\"wp-caption-text\">GABRIEL ZAPAROLLI<\/p>\n<p>Mas que nuvem \u00e9 essa? Trata-se de uma nuvem prateleira ou shelf cloud em Ingl\u00eas. Este tipo de nuvem est\u00e1 frequentemente associado a linhas de instabilidade e, muitas vezes, \u00e9 descrito como nuvens de parede.<\/p>\n<p>As nuvens prateleiras se formam quando o ar mais quente se eleva em camada acima de uma camada de ar mais frio. Durante este processo, o ar aquecido condensa rapidamente, gerando o aspecto caracter\u00edstico da nuvem. O movimento r\u00e1pido de deslocamento das nuvens prateleira, conhecidas como shelf clouds em Ingl\u00eas, n\u00e3o raro produz ventos muito fortes e destrutivos que acontecem antes da chegada da tempestade propriamente dita.<\/p>\n<p>An\u00fancios<\/p>\n<p><a href=\"https:\/\/metsul.com\/assine\/?utm_campaign=assine_materia\" aria-label=\"assine_v2\" rel=\"nofollow noopener\" target=\"_blank\"><img loading=\"lazy\" decoding=\"async\" src=\"data:image\/svg+xml,%3Csvg%20xmlns=\" http:=\"\" alt=\"\" data-lazy- data-lazy- width=\"768\" height=\"625\" style=\"display: inline-block;\" data-lazy-src=\"https:\/\/www.europesays.com\/pt\/wp-content\/uploads\/2025\/10\/assine_v2.jpg.webp.webp\"\/><\/a>                                        <\/p>\n","protected":false},"excerpt":{"rendered":"Temporais atingiram ontem o Uruguai, Rio Grande do Sul, o Oeste de Santa Catarina, o Oeste do Paran\u00e1&hellip;\n","protected":false},"author":2,"featured_media":155551,"comment_status":"","ping_status":"","sticky":false,"template":"","format":"standard","meta":{"footnotes":""},"categories":[144],"tags":[207,205,206,203,201,202,204,114,115,32,33],"class_list":{"0":"post-155550","1":"post","2":"type-post","3":"status-publish","4":"format-standard","5":"has-post-thumbnail","7":"category-arte-e-design","8":"tag-arte","9":"tag-arte-e-design","10":"tag-artedesign","11":"tag-arts","12":"tag-arts-and-design","13":"tag-artsanddesign","14":"tag-design","15":"tag-entertainment","16":"tag-entretenimento","17":"tag-portugal","18":"tag-pt"},"share_on_mastodon":{"url":"https:\/\/pubeurope.com\/@pt\/115566752765467927","error":""},"_links":{"self":[{"href":"https:\/\/www.europesays.com\/pt\/wp-json\/wp\/v2\/posts\/155550","targetHints":{"allow":["GET"]}}],"collection":[{"href":"https:\/\/www.europesays.com\/pt\/wp-json\/wp\/v2\/posts"}],"about":[{"href":"https:\/\/www.europesays.com\/pt\/wp-json\/wp\/v2\/types\/post"}],"author":[{"embeddable":true,"href":"https:\/\/www.europesays.com\/pt\/wp-json\/wp\/v2\/users\/2"}],"replies":[{"embeddable":true,"href":"https:\/\/www.europesays.com\/pt\/wp-json\/wp\/v2\/comments?post=155550"}],"version-history":[{"count":0,"href":"https:\/\/www.europesays.com\/pt\/wp-json\/wp\/v2\/posts\/155550\/revisions"}],"wp:featuredmedia":[{"embeddable":true,"href":"https:\/\/www.europesays.com\/pt\/wp-json\/wp\/v2\/media\/155551"}],"wp:attachment":[{"href":"https:\/\/www.europesays.com\/pt\/wp-json\/wp\/v2\/media?parent=155550"}],"wp:term":[{"taxonomy":"category","embeddable":true,"href":"https:\/\/www.europesays.com\/pt\/wp-json\/wp\/v2\/categories?post=155550"},{"taxonomy":"post_tag","embeddable":true,"href":"https:\/\/www.europesays.com\/pt\/wp-json\/wp\/v2\/tags?post=155550"}],"curies":[{"name":"wp","href":"https:\/\/api.w.org\/{rel}","templated":true}]}}