{"id":155552,"date":"2025-11-17T19:45:13","date_gmt":"2025-11-17T19:45:13","guid":{"rendered":"https:\/\/www.europesays.com\/pt\/155552\/"},"modified":"2025-11-17T19:45:13","modified_gmt":"2025-11-17T19:45:13","slug":"sem-filtros-ana-cristina-revela-o-que-ninguem-sabe-sobre-jogo-de-pedro-e-marisa-secret-story","status":"publish","type":"post","link":"https:\/\/www.europesays.com\/pt\/155552\/","title":{"rendered":"Sem filtros: Ana Cristina revela o que ningu\u00e9m sabe sobre jogo de Pedro e Marisa &#8211; Secret Story"},"content":{"rendered":"<p data-end=\"517\" data-start=\"269\">Ap\u00f3s ser<a href=\"https:\/\/tvi.iol.pt\/secretstory\/videos\/entre-pedro-jorge-e-ana-cristina-veja-quem-foi-o-concorrente-expulso-da-casa\/691a688e0cf229bd2f8d48a4\" rel=\"nofollow noopener\" target=\"_blank\"> expulsa da Casa dos Segredos<\/a>, <a href=\"https:\/\/tvi.iol.pt\/secretstory\/video\/claudio-ramos-confronta-ana-cristina-sentiste-que-eras-mais-amiga-dela-do-que-ela-tua\/691b0cd30cf25591337613a6\" rel=\"nofollow noopener\" target=\"_blank\">Ana Cristina esteve esta manh\u00e3 no programa Dois \u00e0s 10<\/a>,\u00a0 onde conversou com Cl\u00e1udio Ramos sobre os \u00faltimos acontecimentos que envolveram Pedro e Marisa. A ex-concorrente confessou que <a href=\"https:\/\/tvi.iol.pt\/secretstory\/videos\/ana-cristina-descobre-que-pedro-e-casado-com-marisa-veja-a-reacao-da-expulsa\/691a6c640cf2559133761375\" rel=\"nofollow noopener\" target=\"_blank\">continua \u00abchocada\u00bb<\/a> com o segredo que o<a href=\"https:\/\/tvi.iol.pt\/secretstory\/leandro\/marisa\/leandro-carrega-no-segredo-de-marisa-e-pedro-a-casa-parou-e-foi-isto-que-aconteceu\" rel=\"nofollow noopener\" target=\"_blank\"> casal esconde dentro da casa<\/a>.<\/p>\n<p data-end=\"749\" data-start=\"519\">Durante a entrevista, Ana Cristina afirmou considerar Pedro um melhor jogador do que Marisa, destacando que<strong> \u00abh\u00e1 muito mais de bom no Pedro\u00bb<\/strong>. No entanto, criticou a postura da concorrente: <strong>\u00abA Marisa deixou-se manipular pelo Pedro\u00bb<\/strong>.<\/p>\n<p data-end=\"924\" data-start=\"751\">A ex-participante foi ainda mais longe ao comentar a rela\u00e7\u00e3o do casal dentro do jogo: <strong>\u00abSe o Pedro e a Marisa se mantiverem como casal, \u00e9 porque a Marisa \u00e9 tonta. Vale tudo?\u00bb<\/strong><\/p>\n<p data-end=\"1214\" data-start=\"926\">Sobre a import\u00e2ncia das estrat\u00e9gias no reality show, Ana Cristina sublinhou: <strong>\u00abTemos que ser jogadores (\u2026) o nosso jogador \u00e9 a base da nossa ess\u00eancia\u00bb<\/strong>. Garantiu, contudo, que no caso de Pedro, n\u00e3o se trata apenas de jogo: muitas das suas atitudes, afirmou,<strong> \u00abest\u00e3o na base da sua ess\u00eancia\u00bb<\/strong>.<\/p>\n<p data-end=\"1437\" data-start=\"1216\">Apesar das cr\u00edticas, Ana Cristina n\u00e3o deixou de reconhecer m\u00e9rito ao concorrente: acredita que Pedro Jorge merece ser vencedor e considera-o \u00abum bom jogador\u00bb. No entanto, refor\u00e7ou a sua posi\u00e7\u00e3o de que \u00abmanipula a mulher\u00bb.<\/p>\n","protected":false},"excerpt":{"rendered":"Ap\u00f3s ser expulsa da Casa dos Segredos, Ana Cristina esteve esta manh\u00e3 no programa Dois \u00e0s 10,\u00a0 onde&hellip;\n","protected":false},"author":2,"featured_media":155553,"comment_status":"","ping_status":"","sticky":false,"template":"","format":"standard","meta":{"footnotes":""},"categories":[142],"tags":[19725,18706,114,115,18705,32,33,151,18704],"class_list":{"0":"post-155552","1":"post","2":"type-post","3":"status-publish","4":"format-standard","5":"has-post-thumbnail","7":"category-tv","8":"tag-ana-cristina","9":"tag-bastidores-secret-story","10":"tag-entertainment","11":"tag-entretenimento","12":"tag-entrevistas-concorrentes-tvi","13":"tag-portugal","14":"tag-pt","15":"tag-tv","16":"tag-vida-fora-da-casa"},"share_on_mastodon":{"url":"https:\/\/pubeurope.com\/@pt\/115566760629987038","error":""},"_links":{"self":[{"href":"https:\/\/www.europesays.com\/pt\/wp-json\/wp\/v2\/posts\/155552","targetHints":{"allow":["GET"]}}],"collection":[{"href":"https:\/\/www.europesays.com\/pt\/wp-json\/wp\/v2\/posts"}],"about":[{"href":"https:\/\/www.europesays.com\/pt\/wp-json\/wp\/v2\/types\/post"}],"author":[{"embeddable":true,"href":"https:\/\/www.europesays.com\/pt\/wp-json\/wp\/v2\/users\/2"}],"replies":[{"embeddable":true,"href":"https:\/\/www.europesays.com\/pt\/wp-json\/wp\/v2\/comments?post=155552"}],"version-history":[{"count":0,"href":"https:\/\/www.europesays.com\/pt\/wp-json\/wp\/v2\/posts\/155552\/revisions"}],"wp:featuredmedia":[{"embeddable":true,"href":"https:\/\/www.europesays.com\/pt\/wp-json\/wp\/v2\/media\/155553"}],"wp:attachment":[{"href":"https:\/\/www.europesays.com\/pt\/wp-json\/wp\/v2\/media?parent=155552"}],"wp:term":[{"taxonomy":"category","embeddable":true,"href":"https:\/\/www.europesays.com\/pt\/wp-json\/wp\/v2\/categories?post=155552"},{"taxonomy":"post_tag","embeddable":true,"href":"https:\/\/www.europesays.com\/pt\/wp-json\/wp\/v2\/tags?post=155552"}],"curies":[{"name":"wp","href":"https:\/\/api.w.org\/{rel}","templated":true}]}}