{"id":155556,"date":"2025-11-17T19:49:09","date_gmt":"2025-11-17T19:49:09","guid":{"rendered":"https:\/\/www.europesays.com\/pt\/155556\/"},"modified":"2025-11-17T19:49:09","modified_gmt":"2025-11-17T19:49:09","slug":"o-que-especialistas-recomendam-para-dormir-melhor-hoje-mesmo","status":"publish","type":"post","link":"https:\/\/www.europesays.com\/pt\/155556\/","title":{"rendered":"O que especialistas recomendam para dormir melhor hoje mesmo"},"content":{"rendered":"<p>\n\t\t\t\t\t\tNoites mal dormidas como a postura na cama pode agravar dores na coluna \/ Reprodu\u00e7\u00e3o\/Pexels\n\t\t\t\t\t<\/p>\n<p>Dormir bem vai al\u00e9m de descansar: \u00e9 uma necessidade biol\u00f3gica fundamental para a <a href=\"https:\/\/www.diariodolitoral.com.br\/tags\/saude\/\" rel=\"nofollow noopener\" target=\"_blank\">sa\u00fade<\/a> da mente e do corpo.\u00a0No entanto, alcan\u00e7ar um descanso de qualidade pode ser um desafio para muitas pessoas.<\/p>\n<p><strong>Fa\u00e7a parte do grupo do Di\u00e1rio no <\/strong><a href=\"https:\/\/bit.ly\/CanalDiarioDoLitoral\" target=\"_blank\" rel=\"nofollow noopener\">WhatsApp<\/a> <strong>e<\/strong> <a href=\"https:\/\/t.me\/diariodolitoral\" target=\"_blank\" rel=\"nofollow\">Telegram<\/a><strong>.<br \/>Mantenha-se bem informado.<\/strong><\/p>\n<p>Fatores como dores cr\u00f4nicas, condi\u00e7\u00f5es psicol\u00f3gicas,\u00a0incluindo estresse e ins\u00f4nia, al\u00e9m de colch\u00f5es e travesseiros inadequados e posi\u00e7\u00f5es incorretas ao deitar, podem comprometer o repouso e, a longo prazo, causar danos \u00e0 coluna vertebral.\n\t\t\t<\/p>\n<p class=\"texto-continue listagem-detalhe\">Continua depois da publicidade<\/p>\n<p>Leia tamb\u00e9m,\u00a0<a href=\"https:\/\/www.diariodolitoral.com.br\/cotidiano\/os-maiores-erros-que-voce-comete-no-cafe-da-manha-sem-perceber\/206025\/\" rel=\"nofollow noopener\" target=\"_blank\">Os maiores erros que voc\u00ea comete no caf\u00e9 da manh\u00e3 sem perceber, segundo especialistas<\/a><\/p>\n<p>Segundo a Organiza\u00e7\u00e3o Mundial da <a href=\"https:\/\/www.diariodolitoral.com.br\/tags\/saude\/\" rel=\"nofollow noopener\" target=\"_blank\">Sa\u00fade<\/a> (OMS), aproximadamente 30% da popula\u00e7\u00e3o mundial convive com algum tipo de dor cr\u00f4nica. Especificamente em rela\u00e7\u00e3o \u00e0s dores na coluna, mais de 600 mil pessoas apresentam incapacidades relacionadas a lombalgia, cervicalgia ou desvios posturais, como escoliose, lordose e cifose.\n\t\t\t<\/p>\n<p class=\"texto-continue listagem-detalhe\">Continua depois da publicidade<\/p>\n<p>Posi\u00e7\u00f5es que favorecem o descanso e a sa\u00fade da coluna<\/p>\n<p>Para quem sofre com desconfortos, pequenos ajustes na forma de se deitar podem fazer diferen\u00e7a. O ortopedista e traumatologista Dr. Marcus Gaspar, da Segmedic, recomenda:<\/p>\n<p>Gisele Gomes, consultora de <a href=\"https:\/\/www.diariodolitoral.com.br\/tags\/sono\/\" rel=\"nofollow noopener\" target=\"_blank\">sono<\/a> da Ortobom, ressalta que a qualidade do sono determina diretamente o bem-estar durante o dia. Por isso, a escolha do colch\u00e3o deve considerar necessidades individuais, especialmente quando h\u00e1 problemas de sa\u00fade.<\/p>\n<p>Ela tamb\u00e9m destaca a import\u00e2ncia de cuidados adicionais para pessoas com ansiedade ou que passam longos per\u00edodos em p\u00e9 ou sentadas.\u201cAl\u00e9m do suporte adequado do colch\u00e3o, medidas como medita\u00e7\u00e3o, higiene do <a href=\"https:\/\/www.diariodolitoral.com.br\/tags\/sono\/\" rel=\"nofollow noopener\" target=\"_blank\">sono<\/a>, alongamentos e experimentar posi\u00e7\u00f5es que proporcionem conforto podem aliviar significativamente os desconfortos\u201d.\n\t\t\t<\/p>\n<p class=\"texto-continue listagem-detalhe\">Continua depois da publicidade<\/p>\n<p>Compreender as causas das dores na coluna, identificar quest\u00f5es psicossom\u00e1ticas e buscar acompanhamento profissional s\u00e3o passos fundamentais para unir um <a href=\"https:\/\/www.diariodolitoral.com.br\/tags\/sono\/\" rel=\"nofollow noopener\" target=\"_blank\">sono<\/a> reparador ao bom funcionamento do corpo. Afinal, cuidar da sa\u00fade da coluna \u00e9 investir em qualidade de vida tanto para o presente quanto para o futuro.<\/p>\n<p>Confira mais dicas no v\u00eddeo abaixo:<\/p>\n<p>\u00a0\n\t\t\t<\/p>\n<p class=\"texto-continue listagem-detalhe\">Continua depois da publicidade<\/p>\n","protected":false},"excerpt":{"rendered":"Noites mal dormidas como a postura na cama pode agravar dores na coluna \/ Reprodu\u00e7\u00e3o\/Pexels Dormir bem vai&hellip;\n","protected":false},"author":2,"featured_media":155557,"comment_status":"","ping_status":"","sticky":false,"template":"","format":"standard","meta":{"footnotes":""},"categories":[86],"tags":[1403,17558,116,32,33,117,536],"class_list":{"0":"post-155556","1":"post","2":"type-post","3":"status-publish","4":"format-standard","5":"has-post-thumbnail","7":"category-saude","8":"tag-comportamento","9":"tag-cotidiano","10":"tag-health","11":"tag-portugal","12":"tag-pt","13":"tag-saude","14":"tag-sono"},"share_on_mastodon":{"url":"https:\/\/pubeurope.com\/@pt\/115566776329228313","error":""},"_links":{"self":[{"href":"https:\/\/www.europesays.com\/pt\/wp-json\/wp\/v2\/posts\/155556","targetHints":{"allow":["GET"]}}],"collection":[{"href":"https:\/\/www.europesays.com\/pt\/wp-json\/wp\/v2\/posts"}],"about":[{"href":"https:\/\/www.europesays.com\/pt\/wp-json\/wp\/v2\/types\/post"}],"author":[{"embeddable":true,"href":"https:\/\/www.europesays.com\/pt\/wp-json\/wp\/v2\/users\/2"}],"replies":[{"embeddable":true,"href":"https:\/\/www.europesays.com\/pt\/wp-json\/wp\/v2\/comments?post=155556"}],"version-history":[{"count":0,"href":"https:\/\/www.europesays.com\/pt\/wp-json\/wp\/v2\/posts\/155556\/revisions"}],"wp:featuredmedia":[{"embeddable":true,"href":"https:\/\/www.europesays.com\/pt\/wp-json\/wp\/v2\/media\/155557"}],"wp:attachment":[{"href":"https:\/\/www.europesays.com\/pt\/wp-json\/wp\/v2\/media?parent=155556"}],"wp:term":[{"taxonomy":"category","embeddable":true,"href":"https:\/\/www.europesays.com\/pt\/wp-json\/wp\/v2\/categories?post=155556"},{"taxonomy":"post_tag","embeddable":true,"href":"https:\/\/www.europesays.com\/pt\/wp-json\/wp\/v2\/tags?post=155556"}],"curies":[{"name":"wp","href":"https:\/\/api.w.org\/{rel}","templated":true}]}}