{"id":15556,"date":"2025-08-04T13:16:08","date_gmt":"2025-08-04T13:16:08","guid":{"rendered":"https:\/\/www.europesays.com\/pt\/15556\/"},"modified":"2025-08-04T13:16:08","modified_gmt":"2025-08-04T13:16:08","slug":"incrivel-jornal-associa-de-jong-ao-sevilha-horas-apos-a-sua-apresentacao-no-dragao","status":"publish","type":"post","link":"https:\/\/www.europesays.com\/pt\/15556\/","title":{"rendered":"INCR\u00cdVEL: jornal associa De Jong ao Sevilha horas ap\u00f3s a sua apresenta\u00e7\u00e3o no Drag\u00e3o"},"content":{"rendered":"<p style=\"margin-bottom:11px\">Acompanhar os cada vez mais vertiginosos mercados de transfer\u00eancias de futebolistas n\u00e3o \u00e9 tarefa f\u00e1cil, acredite o leitor, e pode dar origem a alguns erros que a urg\u00eancia constante ajuda a explicar.<\/p>\n<p>No entanto, essa n\u00e3o \u00e9, de todo, a explica\u00e7\u00e3o para a imprecis\u00e3o do jornal espanhol AS da \u00faltima madrugada, quando colocou Luuk de Jong na rota do Sevilha <a href=\"https:\/\/maisfutebol.iol.pt\/geral\/03-08-2025\/surpresa-no-dragao-luuk-de-jong-e-reforco-do-fc-porto\" target=\"_blank\" rel=\"nofollow noopener\">v\u00e1rias horas depois de o ponta de lan\u00e7a de 34 anos ter sido apresentado como refor\u00e7o do FC Porto<\/a>.<\/p>\n<blockquote class=\"twitter-tweet\">\n<p lang=\"es\">Pasar\u00e1n a\u00f1os hasta que alguien supere este momento.<br \/>\u00a0<\/p>\n<p>El Porto anuncia el fichaje de Luuk de Jong a las 18:57 y la gente de AS saca a las 02:01 una &#8220;noticia bomba&#8221; donde Luuk de Jong fichar\u00eda por el Sevilla.<\/p>\n<p> \u00a0 <\/p>\n<p>Es el ejemplo perfecto de como est\u00e1 el periodismo deportivo actual. <a href=\"https:\/\/t.co\/xvZE0zPPnl\" rel=\"nofollow\">pic.twitter.com\/xvZE0zPPnl<\/a><\/p>\n<p>\u00a0<\/p>\n<p> \u2014 Marc Tresens (@MarcTresens)<br \/>\n  <a href=\"https:\/\/twitter.com\/MarcTresens\/status\/1952271194691903877?ref_src=twsrc%5Etfw\" rel=\"nofollow noopener\" target=\"_blank\">August 4, 2025<\/a>\n <\/p><\/blockquote>\n<p>Tudo n\u00e3o ter\u00e1 passado de uma publica\u00e7\u00e3o agendada nas redes sociais que ficou esquecida, e que foi apanhada pela forma r\u00e1pida como tudo pode mudar no mercado.<\/p>\n<p>Entretanto, o FC Porto fez uma esp\u00e9cie de revista de imprensa em que mostrou as v\u00e1rias not\u00edcias de publica\u00e7\u00f5es internacionais surpreendidas com a contrata\u00e7\u00e3o do internacional neerland\u00eas.<\/p>\n<blockquote class=\"instagram-media\" data-instgrm-captioned=\"\" data-instgrm-permalink=\"https:\/\/www.instagram.com\/p\/DM7nylasY5O\/?utm_source=ig_embed&amp;utm_campaign=loading\" data-instgrm-version=\"14\" style=\" background:#FFF; border:0; border-radius:3px; box-shadow:0 0 1px 0 rgba(0,0,0,0.5),0 1px 10px 0 rgba(0,0,0,0.15); margin: 1px; max-width:540px; min-width:326px; padding:0; width:99.375%; width:-webkit-calc(100% - 2px); width:calc(100% - 2px);\">\n<\/blockquote>\n<p>                                <script async src=\"https:\/\/platform.twitter.com\/widgets.js\" charset=\"utf-8\"><\/script><script async src=\"\/\/www.instagram.com\/embed.js\"><\/script><\/p>\n","protected":false},"excerpt":{"rendered":"Acompanhar os cada vez mais vertiginosos mercados de transfer\u00eancias de futebolistas n\u00e3o \u00e9 tarefa f\u00e1cil, acredite o leitor,&hellip;\n","protected":false},"author":2,"featured_media":15557,"comment_status":"","ping_status":"","sticky":false,"template":"","format":"standard","meta":{"footnotes":""},"categories":[8],"tags":[27,28,282,15,16,524,14,4238,25,26,5819,21,22,46,42,12,13,19,20,32,23,24,33,47,5620,17,18,29,30,31],"class_list":{"0":"post-15556","1":"post","2":"type-post","3":"status-publish","4":"format-standard","5":"has-post-thumbnail","7":"category-principais-noticias","8":"tag-breaking-news","9":"tag-breakingnews","10":"tag-fc-porto","11":"tag-featured-news","12":"tag-featurednews","13":"tag-futebol","14":"tag-headlines","15":"tag-incrivel","16":"tag-latest-news","17":"tag-latestnews","18":"tag-luuk-de-jong","19":"tag-main-news","20":"tag-mainnews","21":"tag-maisfutebol","22":"tag-mercado","23":"tag-news","24":"tag-noticias","25":"tag-noticias-principais","26":"tag-noticiasprincipais","27":"tag-portugal","28":"tag-principais-noticias","29":"tag-principaisnoticias","30":"tag-pt","31":"tag-pura-paixao","32":"tag-sevilha","33":"tag-top-stories","34":"tag-topstories","35":"tag-ultimas","36":"tag-ultimas-noticias","37":"tag-ultimasnoticias"},"share_on_mastodon":{"url":"","error":""},"_links":{"self":[{"href":"https:\/\/www.europesays.com\/pt\/wp-json\/wp\/v2\/posts\/15556","targetHints":{"allow":["GET"]}}],"collection":[{"href":"https:\/\/www.europesays.com\/pt\/wp-json\/wp\/v2\/posts"}],"about":[{"href":"https:\/\/www.europesays.com\/pt\/wp-json\/wp\/v2\/types\/post"}],"author":[{"embeddable":true,"href":"https:\/\/www.europesays.com\/pt\/wp-json\/wp\/v2\/users\/2"}],"replies":[{"embeddable":true,"href":"https:\/\/www.europesays.com\/pt\/wp-json\/wp\/v2\/comments?post=15556"}],"version-history":[{"count":0,"href":"https:\/\/www.europesays.com\/pt\/wp-json\/wp\/v2\/posts\/15556\/revisions"}],"wp:featuredmedia":[{"embeddable":true,"href":"https:\/\/www.europesays.com\/pt\/wp-json\/wp\/v2\/media\/15557"}],"wp:attachment":[{"href":"https:\/\/www.europesays.com\/pt\/wp-json\/wp\/v2\/media?parent=15556"}],"wp:term":[{"taxonomy":"category","embeddable":true,"href":"https:\/\/www.europesays.com\/pt\/wp-json\/wp\/v2\/categories?post=15556"},{"taxonomy":"post_tag","embeddable":true,"href":"https:\/\/www.europesays.com\/pt\/wp-json\/wp\/v2\/tags?post=15556"}],"curies":[{"name":"wp","href":"https:\/\/api.w.org\/{rel}","templated":true}]}}