{"id":155560,"date":"2025-11-17T19:53:08","date_gmt":"2025-11-17T19:53:08","guid":{"rendered":"https:\/\/www.europesays.com\/pt\/155560\/"},"modified":"2025-11-17T19:53:08","modified_gmt":"2025-11-17T19:53:08","slug":"durao-barroso-exorta-europa-a-preparar-se-contra-russia","status":"publish","type":"post","link":"https:\/\/www.europesays.com\/pt\/155560\/","title":{"rendered":"Dur\u00e3o Barroso Exorta Europa a Preparar-se Contra R\u00fassia"},"content":{"rendered":"<p>O antigo presidente da Comiss\u00e3o Europeia Dur\u00e3o Barroso defendeu esta segunda.feira, 17 de novembro, a necessidade de a Europa estar preparada para uma prov\u00e1vel guerra contra a R\u00fassia, considerando que a \u00fanica forma de manter a paz \u00e9 estar pronta para o conflito.<\/p>\n<p>\u201cSe a Uni\u00e3o Europeia quer existir como entidade pol\u00edtica, tem tamb\u00e9m de fazer algo pela sua pr\u00f3pria defesa, n\u00e3o numa perspetiva militarista, que n\u00e3o \u00e9 a minha, mas precisamente para garantir a paz\u201d, afirmou, em entrevista \u00e0 Lusa, \u00e0 margem do F\u00f3rum EuroAm\u00e9ricas, que decorre esta segunda em Carcavelos, Cascais.<\/p>\n<p>Mais do que nunca, aplica-se o princ\u00edpio de <strong>\u2018se queres a paz, prepara-te para a guerra\u2019\u201d<\/strong>, defendeu, considerando que neste momento, <strong>\u201ca \u00fanica forma de evitarmos uma guerra generalizada na Europa \u00e9 mostrar aos potenciais agressores que estamos preparados e que n\u00e3o ter\u00e3o sucesso\u201d<\/strong>.<\/p>\n<p>Para Dur\u00e3o Barroso, que foi primeiro-ministro entre 2002 e 2024, o investimento em defesa n\u00e3o p\u00f5e em causa o bem-estar social da Europa.<\/p>\n<p><strong>\u201cCustar\u00e1 muito mais uma guerra do que o investimento em defesa para evitar essa guerra.<\/strong> Custar\u00e1 muito mais se tivermos uma guerra, n\u00e3o apenas em vidas humanas, que \u00e9 o mais importante, mas tamb\u00e9m at\u00e9 em termos econ\u00f3micos\u201d, sublinhou.<\/p>\n<p>Al\u00e9m disso, ressalvou, investir em defesa \u201cn\u00e3o \u00e9 s\u00f3 investir em tanques e armas, \u00e9 investir em capacidades de defesa que incluem, por exemplo, tecnologia\u201d, setor onde os norte-americanos t\u00eam vantagem sobre a Europa precisamente pelo investimento que fizeram nessa ind\u00fastria.<\/p>\n<p>Embora tenha admitido que n\u00e3o gostaria que os seus netos fossem chamados para combater numa guerra, Dur\u00e3o Barroso considera que \u201c\u00e9 muito poss\u00edvel\u201d que Portugal tenha de participar num conflito alargado.<\/p>\n<p>\u201cN\u00f3s aqui, em Portugal, talvez n\u00e3o sintamos isso de maneira t\u00e3o clara, mas eu estive h\u00e1 pouco tempo <strong>na Pol\u00f3nia. Eles est\u00e3o a preparar-se ativamente para uma guerra<\/strong> que acham que \u00e9 muito prov\u00e1vel que aconte\u00e7a. E a Pol\u00f3nia \u00e9 um pa\u00eds da Uni\u00e3o Europeia, \u00e9 um pa\u00eds da NATO. <strong>Se a Pol\u00f3nia for atacada, Portugal tem o dever, pelos tratados que assinou, de ajudar \u00e0 Pol\u00f3nia\u201d,<\/strong> lembrou.<\/p>\n","protected":false},"excerpt":{"rendered":"O antigo presidente da Comiss\u00e3o Europeia Dur\u00e3o Barroso defendeu esta segunda.feira, 17 de novembro, a necessidade de a&hellip;\n","protected":false},"author":2,"featured_media":155561,"comment_status":"","ping_status":"","sticky":false,"template":"","format":"standard","meta":{"footnotes":""},"categories":[50],"tags":[27,28,2537,30607,445,15,16,830,14,25,26,21,22,62,12,13,19,20,23,24,17,18,29,30,31,63,64,65],"class_list":{"0":"post-155560","1":"post","2":"type-post","3":"status-publish","4":"format-standard","5":"has-post-thumbnail","7":"category-mundo","8":"tag-breaking-news","9":"tag-breakingnews","10":"tag-defesa","11":"tag-durao-barroso","12":"tag-europa","13":"tag-featured-news","14":"tag-featurednews","15":"tag-guerra","16":"tag-headlines","17":"tag-latest-news","18":"tag-latestnews","19":"tag-main-news","20":"tag-mainnews","21":"tag-mundo","22":"tag-news","23":"tag-noticias","24":"tag-noticias-principais","25":"tag-noticiasprincipais","26":"tag-principais-noticias","27":"tag-principaisnoticias","28":"tag-top-stories","29":"tag-topstories","30":"tag-ultimas","31":"tag-ultimas-noticias","32":"tag-ultimasnoticias","33":"tag-world","34":"tag-world-news","35":"tag-worldnews"},"share_on_mastodon":{"url":"https:\/\/pubeurope.com\/@pt\/115566792281009596","error":""},"_links":{"self":[{"href":"https:\/\/www.europesays.com\/pt\/wp-json\/wp\/v2\/posts\/155560","targetHints":{"allow":["GET"]}}],"collection":[{"href":"https:\/\/www.europesays.com\/pt\/wp-json\/wp\/v2\/posts"}],"about":[{"href":"https:\/\/www.europesays.com\/pt\/wp-json\/wp\/v2\/types\/post"}],"author":[{"embeddable":true,"href":"https:\/\/www.europesays.com\/pt\/wp-json\/wp\/v2\/users\/2"}],"replies":[{"embeddable":true,"href":"https:\/\/www.europesays.com\/pt\/wp-json\/wp\/v2\/comments?post=155560"}],"version-history":[{"count":0,"href":"https:\/\/www.europesays.com\/pt\/wp-json\/wp\/v2\/posts\/155560\/revisions"}],"wp:featuredmedia":[{"embeddable":true,"href":"https:\/\/www.europesays.com\/pt\/wp-json\/wp\/v2\/media\/155561"}],"wp:attachment":[{"href":"https:\/\/www.europesays.com\/pt\/wp-json\/wp\/v2\/media?parent=155560"}],"wp:term":[{"taxonomy":"category","embeddable":true,"href":"https:\/\/www.europesays.com\/pt\/wp-json\/wp\/v2\/categories?post=155560"},{"taxonomy":"post_tag","embeddable":true,"href":"https:\/\/www.europesays.com\/pt\/wp-json\/wp\/v2\/tags?post=155560"}],"curies":[{"name":"wp","href":"https:\/\/api.w.org\/{rel}","templated":true}]}}