{"id":155566,"date":"2025-11-17T19:56:13","date_gmt":"2025-11-17T19:56:13","guid":{"rendered":"https:\/\/www.europesays.com\/pt\/155566\/"},"modified":"2025-11-17T19:56:13","modified_gmt":"2025-11-17T19:56:13","slug":"foi-eleita-uma-das-mulheres-mais-bonitas-dos-anos-90-hoje-vive-uma-vida-totalmente-diferente-dois-as-10","status":"publish","type":"post","link":"https:\/\/www.europesays.com\/pt\/155566\/","title":{"rendered":"Foi eleita uma das mulheres mais bonitas dos anos 90. Hoje, vive uma vida totalmente diferente &#8211; Dois \u00e0s 10"},"content":{"rendered":"<p>                        Nos anos 90, conquistou a aten\u00e7\u00e3o de todos com a sua beleza e carisma. D\u00e9cadas depois, a sua vida tomou um rumo inesperado.<\/p>\n<p>Considerada <strong>uma das<\/strong> <strong>mulheres mais bonitas dos anos 90<\/strong>, <strong>Sofia Apar\u00edcio<\/strong> marcou presen\u00e7a constante nas passerelles e nas capas de revistas portuguesas. Atualmente, \u00e9 reconhecida n\u00e3o s\u00f3 pela sua trajet\u00f3ria no mundo da moda e da representa\u00e7\u00e3o, mas tamb\u00e9m pelo seu compromisso com <strong>causas humanit\u00e1rias<\/strong>.<\/p>\n<p>A atriz e ativista tem um percurso consistente em iniciativas de solidariedade, defendendo valores como empatia, justi\u00e7a e direitos humanos. O epis\u00f3dio mais recente e medi\u00e1tico da sua carreira ocorreu em setembro de 2025, quando se integrou na <strong>Flotilha Humanit\u00e1ria Sumud<\/strong>, cuja miss\u00e3o consistia em romper o cerco israelita a Gaza e levar ajuda humanit\u00e1ria \u00e0 popula\u00e7\u00e3o civil.<\/p>\n<p>Em outubro de 2025, a miss\u00e3o ganhou repercuss\u00e3o internacional quando Sofia Apar\u00edcio, juntamente com Mariana Mort\u00e1gua, l\u00edder do Bloco de Esquerda, e o ativista Miguel Duarte, foram detidos pelas for\u00e7as israelitas no Mediterr\u00e2neo, ap\u00f3s o barco em que seguiam ter sido intercetado. A deten\u00e7\u00e3o suscitou uma onda de indigna\u00e7\u00e3o e solidariedade em Portugal, com diversas entidades e personalidades a exigir a liberta\u00e7\u00e3o dos ativistas.<\/p>\n<p>Ap\u00f3s dias de ang\u00fastia e incerteza, os participantes regressaram a Portugal, sendo recebidos com manifesta\u00e7\u00f5es de apoio. Sofia Apar\u00edcio, visivelmente emocionada, agradeceu o suporte do povo portugu\u00eas e reiterou a import\u00e2ncia da sua participa\u00e7\u00e3o na miss\u00e3o.<\/p>\n<p>Em declara\u00e7\u00f5es p\u00fablicas, a atriz esclareceu que a sua presen\u00e7a na flotilha tinha motiva\u00e7\u00f5es estritamente humanit\u00e1rias, enfatizando \u00aba urg\u00eancia de ajudar quem sofre e de chamar a aten\u00e7\u00e3o do mundo para a crise humanit\u00e1ria em Gaza\u00bb. Perante cr\u00edticas, respondeu com serenidade, afirmando que o seu envolvimento em causas sociais n\u00e3o \u00e9 recente, mas sim parte de uma convic\u00e7\u00e3o pessoal e cont\u00ednua.<\/p>\n<p>Com esta a\u00e7\u00e3o, Sofia Apar\u00edcio consolidou a sua imagem de mulher comprometida com valores humanistas, utilizando a sua visibilidade p\u00fablica para dar voz a quem n\u00e3o a tem. A antiga modelo e atriz demonstra, assim, que beleza tamb\u00e9m pode ser sin\u00f3nimo de coragem, empatia e compromisso com o bem comum.<\/p>\n<p>Veja, na galeria em cima, outras mulheres portuguesas que se tornaram <strong>\u00edcones de beleza na d\u00e9cada de 90<\/strong>.<\/p>\n<p>\u00a0<\/p>\n","protected":false},"excerpt":{"rendered":"Nos anos 90, conquistou a aten\u00e7\u00e3o de todos com a sua beleza e carisma. D\u00e9cadas depois, a sua&hellip;\n","protected":false},"author":2,"featured_media":155567,"comment_status":"","ping_status":"","sticky":false,"template":"","format":"standard","meta":{"footnotes":""},"categories":[145],"tags":[211,210,329,166,3412,3406,3409,801,3410,3411,3407,3408,114,115,3413,338,32,33,13822],"class_list":{"0":"post-155566","1":"post","2":"type-post","3":"status-publish","4":"format-standard","5":"has-post-thumbnail","7":"category-celebridades","8":"tag-celebridades","9":"tag-celebrities","10":"tag-claudio-ramos","11":"tag-cristina-ferreira","12":"tag-dois-10","13":"tag-dois-a-s-10-dois-a-s-10","14":"tag-dois-a-s-dez","15":"tag-dois-as-10","16":"tag-dois-as-dez","17":"tag-dois-dez","18":"tag-doisas10","19":"tag-doisasdez","20":"tag-entertainment","21":"tag-entretenimento","22":"tag-manha-tvi","23":"tag-maria-botelho-moniz","24":"tag-portugal","25":"tag-pt","26":"tag-sofia-aparicio"},"share_on_mastodon":{"url":"https:\/\/pubeurope.com\/@pt\/115566803942939597","error":""},"_links":{"self":[{"href":"https:\/\/www.europesays.com\/pt\/wp-json\/wp\/v2\/posts\/155566","targetHints":{"allow":["GET"]}}],"collection":[{"href":"https:\/\/www.europesays.com\/pt\/wp-json\/wp\/v2\/posts"}],"about":[{"href":"https:\/\/www.europesays.com\/pt\/wp-json\/wp\/v2\/types\/post"}],"author":[{"embeddable":true,"href":"https:\/\/www.europesays.com\/pt\/wp-json\/wp\/v2\/users\/2"}],"replies":[{"embeddable":true,"href":"https:\/\/www.europesays.com\/pt\/wp-json\/wp\/v2\/comments?post=155566"}],"version-history":[{"count":0,"href":"https:\/\/www.europesays.com\/pt\/wp-json\/wp\/v2\/posts\/155566\/revisions"}],"wp:featuredmedia":[{"embeddable":true,"href":"https:\/\/www.europesays.com\/pt\/wp-json\/wp\/v2\/media\/155567"}],"wp:attachment":[{"href":"https:\/\/www.europesays.com\/pt\/wp-json\/wp\/v2\/media?parent=155566"}],"wp:term":[{"taxonomy":"category","embeddable":true,"href":"https:\/\/www.europesays.com\/pt\/wp-json\/wp\/v2\/categories?post=155566"},{"taxonomy":"post_tag","embeddable":true,"href":"https:\/\/www.europesays.com\/pt\/wp-json\/wp\/v2\/tags?post=155566"}],"curies":[{"name":"wp","href":"https:\/\/api.w.org\/{rel}","templated":true}]}}