{"id":155568,"date":"2025-11-17T19:57:14","date_gmt":"2025-11-17T19:57:14","guid":{"rendered":"https:\/\/www.europesays.com\/pt\/155568\/"},"modified":"2025-11-17T19:57:14","modified_gmt":"2025-11-17T19:57:14","slug":"mateus-faia-vence-maratona-fotografica","status":"publish","type":"post","link":"https:\/\/www.europesays.com\/pt\/155568\/","title":{"rendered":"Mateus Faia vence Maratona Fotogr\u00e1fica"},"content":{"rendered":"<p>O jovem famalicense Mateus Faia venceu a d\u00e9cima terceira edi\u00e7\u00e3o da Maratona Fotogr\u00e1fica de Vila Nova de Famalic\u00e3o. A iniciativa, com concorrentes de todo o pa\u00eds, decorreu no dia 13 de setembro e a entrega de pr\u00e9mios foi realizada no passado s\u00e1bado, na Biblioteca Municipal.<\/p>\n<p>A Maratona Fotogr\u00e1fica de Vila Nova de Famalic\u00e3o \u00e9 organizada pela Associa\u00e7\u00e3o Caixa de Imagens, de Vila Nova de Famalic\u00e3o, que prop\u00f5e um p\u00e9riplo pelas ruas da cidade, desafiando os participantes a captarem a cidade atrav\u00e9s de oito temas fotogr\u00e1ficos, explorando recantos, pessoas e detalhes do territ\u00f3rio famalicense.<\/p>\n<p>Este ano foram atribu\u00eddos 2.200 euros em pr\u00e9mios. Al\u00e9m das distin\u00e7\u00f5es principais, foi criado o Pr\u00e9mio ValorPneu, em parceria com a Continental, que distinguiu imagens criativas sobre a vida e a \u201cnova vida\u201d dos pneus.<\/p>\n<p id=\"s-p-embed-691\" data-start=\"790\" data-end=\"1085\">As fotografias vencedoras est\u00e3o expostas na Biblioteca Municipal e no Museu Bernardino Machado.<\/p>\n","protected":false},"excerpt":{"rendered":"O jovem famalicense Mateus Faia venceu a d\u00e9cima terceira edi\u00e7\u00e3o da Maratona Fotogr\u00e1fica de Vila Nova de Famalic\u00e3o.&hellip;\n","protected":false},"author":2,"featured_media":155569,"comment_status":"","ping_status":"","sticky":false,"template":"","format":"standard","meta":{"footnotes":""},"categories":[144],"tags":[207,205,206,203,201,202,204,114,115,32,33],"class_list":{"0":"post-155568","1":"post","2":"type-post","3":"status-publish","4":"format-standard","5":"has-post-thumbnail","7":"category-arte-e-design","8":"tag-arte","9":"tag-arte-e-design","10":"tag-artedesign","11":"tag-arts","12":"tag-arts-and-design","13":"tag-artsanddesign","14":"tag-design","15":"tag-entertainment","16":"tag-entretenimento","17":"tag-portugal","18":"tag-pt"},"share_on_mastodon":{"url":"https:\/\/pubeurope.com\/@pt\/115566807771406936","error":""},"_links":{"self":[{"href":"https:\/\/www.europesays.com\/pt\/wp-json\/wp\/v2\/posts\/155568","targetHints":{"allow":["GET"]}}],"collection":[{"href":"https:\/\/www.europesays.com\/pt\/wp-json\/wp\/v2\/posts"}],"about":[{"href":"https:\/\/www.europesays.com\/pt\/wp-json\/wp\/v2\/types\/post"}],"author":[{"embeddable":true,"href":"https:\/\/www.europesays.com\/pt\/wp-json\/wp\/v2\/users\/2"}],"replies":[{"embeddable":true,"href":"https:\/\/www.europesays.com\/pt\/wp-json\/wp\/v2\/comments?post=155568"}],"version-history":[{"count":0,"href":"https:\/\/www.europesays.com\/pt\/wp-json\/wp\/v2\/posts\/155568\/revisions"}],"wp:featuredmedia":[{"embeddable":true,"href":"https:\/\/www.europesays.com\/pt\/wp-json\/wp\/v2\/media\/155569"}],"wp:attachment":[{"href":"https:\/\/www.europesays.com\/pt\/wp-json\/wp\/v2\/media?parent=155568"}],"wp:term":[{"taxonomy":"category","embeddable":true,"href":"https:\/\/www.europesays.com\/pt\/wp-json\/wp\/v2\/categories?post=155568"},{"taxonomy":"post_tag","embeddable":true,"href":"https:\/\/www.europesays.com\/pt\/wp-json\/wp\/v2\/tags?post=155568"}],"curies":[{"name":"wp","href":"https:\/\/api.w.org\/{rel}","templated":true}]}}