{"id":155570,"date":"2025-11-17T19:59:12","date_gmt":"2025-11-17T19:59:12","guid":{"rendered":"https:\/\/www.europesays.com\/pt\/155570\/"},"modified":"2025-11-17T19:59:12","modified_gmt":"2025-11-17T19:59:12","slug":"filho-de-maria-botelho-moniz-faz-dois-anos-mas-e-o-tema-da-festa-que-chama-a-atencao-as-imagens-aqui-secret-story","status":"publish","type":"post","link":"https:\/\/www.europesays.com\/pt\/155570\/","title":{"rendered":"Filho de Maria Botelho Moniz faz dois anos, mas \u00e9 o tema da festa que chama a aten\u00e7\u00e3o. As imagens aqui &#8211; Secret Story"},"content":{"rendered":"<p>\n                    Veja as imagens da festa dos dois anos do pequeno Vicente.\n                <\/p>\n<p>O filho de Maria Botelho Moniz faz dois anos e a festa ganhou destaque pela escolha inesperada e divertida do tema: constru\u00e7\u00e3o civil. O local transformou-se num mini-estaleiro cheio de criatividade, com bal\u00f5es em forma de m\u00e1quinas, um grande n\u00famero 2 amarelo e uma mesa decorada ao detalhe.<\/p>\n<p>O bolo, inspirado numa obra em andamento, apresentava paredes de \u201ctijolos\u201d, terra comest\u00edvel e v\u00e1rias miniaturas de escavadoras e gruas, conquistando todos os olhares, ou n\u00e3o fosse o pequeno Vicente, apaixonado por este mundo.\u00a0<\/p>\n<p>A decora\u00e7\u00e3o, marcada por cores fortes como o amarelo e o cinzento, destacou o entusiasmo t\u00edpico da idade e refletiu o carinho colocado em cada elemento da celebra\u00e7\u00e3o.<\/p>\n<p>Entre doces tem\u00e1ticos e a alegria do momento de soprar as velas, a festa do pequeno Vicente tornou-se uma homenagem terna \u00e0 sua curiosidade e energia, deixando mem\u00f3rias felizes para a fam\u00edlia e amigos.<\/p>\n<p>Percorra a galeria de fotografias que prepar\u00e1mos para si com as imagens da festa do filho de Maria Botelho Moniz.\u00a0<\/p>\n","protected":false},"excerpt":{"rendered":"Veja as imagens da festa dos dois anos do pequeno Vicente. O filho de Maria Botelho Moniz faz&hellip;\n","protected":false},"author":2,"featured_media":155571,"comment_status":"","ping_status":"","sticky":false,"template":"","format":"standard","meta":{"footnotes":""},"categories":[142],"tags":[18706,33429,114,115,18705,6831,3435,338,32,33,33430,151,18704],"class_list":{"0":"post-155570","1":"post","2":"type-post","3":"status-publish","4":"format-standard","5":"has-post-thumbnail","7":"category-tv","8":"tag-bastidores-secret-story","9":"tag-dois-anos","10":"tag-entertainment","11":"tag-entretenimento","12":"tag-entrevistas-concorrentes-tvi","13":"tag-festa","14":"tag-filho","15":"tag-maria-botelho-moniz","16":"tag-portugal","17":"tag-pt","18":"tag-segundo-aniversario","19":"tag-tv","20":"tag-vida-fora-da-casa"},"share_on_mastodon":{"url":"https:\/\/pubeurope.com\/@pt\/115566815726353665","error":""},"_links":{"self":[{"href":"https:\/\/www.europesays.com\/pt\/wp-json\/wp\/v2\/posts\/155570","targetHints":{"allow":["GET"]}}],"collection":[{"href":"https:\/\/www.europesays.com\/pt\/wp-json\/wp\/v2\/posts"}],"about":[{"href":"https:\/\/www.europesays.com\/pt\/wp-json\/wp\/v2\/types\/post"}],"author":[{"embeddable":true,"href":"https:\/\/www.europesays.com\/pt\/wp-json\/wp\/v2\/users\/2"}],"replies":[{"embeddable":true,"href":"https:\/\/www.europesays.com\/pt\/wp-json\/wp\/v2\/comments?post=155570"}],"version-history":[{"count":0,"href":"https:\/\/www.europesays.com\/pt\/wp-json\/wp\/v2\/posts\/155570\/revisions"}],"wp:featuredmedia":[{"embeddable":true,"href":"https:\/\/www.europesays.com\/pt\/wp-json\/wp\/v2\/media\/155571"}],"wp:attachment":[{"href":"https:\/\/www.europesays.com\/pt\/wp-json\/wp\/v2\/media?parent=155570"}],"wp:term":[{"taxonomy":"category","embeddable":true,"href":"https:\/\/www.europesays.com\/pt\/wp-json\/wp\/v2\/categories?post=155570"},{"taxonomy":"post_tag","embeddable":true,"href":"https:\/\/www.europesays.com\/pt\/wp-json\/wp\/v2\/tags?post=155570"}],"curies":[{"name":"wp","href":"https:\/\/api.w.org\/{rel}","templated":true}]}}