{"id":155579,"date":"2025-11-17T20:08:11","date_gmt":"2025-11-17T20:08:11","guid":{"rendered":"https:\/\/www.europesays.com\/pt\/155579\/"},"modified":"2025-11-17T20:08:11","modified_gmt":"2025-11-17T20:08:11","slug":"depressao-claudia-protecao-civil-regista-102-ocorrencias-sem-feridos-ou-desalojados","status":"publish","type":"post","link":"https:\/\/www.europesays.com\/pt\/155579\/","title":{"rendered":"Depress\u00e3o Cl\u00e1udia. Prote\u00e7\u00e3o Civil regista 102 ocorr\u00eancias sem feridos ou desalojados"},"content":{"rendered":"<p>&#13;<br \/>\nA Autoridade Nacional de Emerg\u00eancia e Prote\u00e7\u00e3o Civil <b>verificou, das 0h00 \u00e0s 8h00 desta segunda-feira, um total de 102 ocorr\u00eancias ainda associadas \u00e0 depress\u00e3o Cl\u00e1udia, a maioria na Grande Lisboa<\/b>. <b>Sem not\u00edcia de quaisquer v\u00edtimas<\/b>.<\/p>\n<p>A resposta a estas situa\u00e7\u00f5es mobilizou <b>339 operacionais e 113 meios terrestres<\/b>, de acordo com fonte oficial da Prote\u00e7\u00e3o Civil, citada pela ag\u00eancia Lusa.A chuva forte, acompanhada de vento, esteve ainda na origem de 81 inunda\u00e7\u00f5es, dez quedas de \u00e1rvores e seis limpezas de via p\u00fablica, ocorr\u00eancias que tiveram lugar sobretudo em Lisboa e Vale do Tejo e na pen\u00ednsula de Set\u00fabal.&#13;\n<\/p>\n<p>&#13;<br \/>\nNo domingo haviam sido registadas, at\u00e9 \u00e0s 20h00, 208 ocorr\u00eancias, nomeadamente inunda\u00e7\u00f5es e limpezas, sobretudo na \u00c1rea Metropolitana do Porto.&#13;\n<\/p>\n<p>&#13;<br \/>\nSete distritos de Portugal continental estiveram debaixo de aviso amarelo do Instituto Portugu\u00eas do Mar e da Atmosfera. &#13;\n<\/p>\n<p>&#13;<br \/>\nViseu, Porto, Viana do Castelo, Aveiro, Coimbra e Braga estiveram assim a amarelo at\u00e9 ao final da tarde de domingo. Em Leiria, o aviso perdurou at\u00e9 \u00e0s 21h00.<\/p>\n<p>c\/ Lusa<br \/>&#13;<\/p>\n","protected":false},"excerpt":{"rendered":"&#13; A Autoridade Nacional de Emerg\u00eancia e Prote\u00e7\u00e3o Civil verificou, das 0h00 \u00e0s 8h00 desta segunda-feira, um total&hellip;\n","protected":false},"author":2,"featured_media":155580,"comment_status":"","ping_status":"","sticky":false,"template":"","format":"standard","meta":{"footnotes":""},"categories":[10],"tags":[33222,27,28,15,16,14,25,26,21,22,30028,12,13,19,20,32,23,24,6821,33,17,18,29,30,31],"class_list":{"0":"post-155579","1":"post","2":"type-post","3":"status-publish","4":"format-standard","5":"has-post-thumbnail","7":"category-portugal","8":"tag-atmosfera-ipma-viseu","9":"tag-breaking-news","10":"tag-breakingnews","11":"tag-featured-news","12":"tag-featurednews","13":"tag-headlines","14":"tag-latest-news","15":"tag-latestnews","16":"tag-main-news","17":"tag-mainnews","18":"tag-mau","19":"tag-news","20":"tag-noticias","21":"tag-noticias-principais","22":"tag-noticiasprincipais","23":"tag-portugal","24":"tag-principais-noticias","25":"tag-principaisnoticias","26":"tag-protecao","27":"tag-pt","28":"tag-top-stories","29":"tag-topstories","30":"tag-ultimas","31":"tag-ultimas-noticias","32":"tag-ultimasnoticias"},"share_on_mastodon":{"url":"https:\/\/pubeurope.com\/@pt\/115566851955127522","error":""},"_links":{"self":[{"href":"https:\/\/www.europesays.com\/pt\/wp-json\/wp\/v2\/posts\/155579","targetHints":{"allow":["GET"]}}],"collection":[{"href":"https:\/\/www.europesays.com\/pt\/wp-json\/wp\/v2\/posts"}],"about":[{"href":"https:\/\/www.europesays.com\/pt\/wp-json\/wp\/v2\/types\/post"}],"author":[{"embeddable":true,"href":"https:\/\/www.europesays.com\/pt\/wp-json\/wp\/v2\/users\/2"}],"replies":[{"embeddable":true,"href":"https:\/\/www.europesays.com\/pt\/wp-json\/wp\/v2\/comments?post=155579"}],"version-history":[{"count":0,"href":"https:\/\/www.europesays.com\/pt\/wp-json\/wp\/v2\/posts\/155579\/revisions"}],"wp:featuredmedia":[{"embeddable":true,"href":"https:\/\/www.europesays.com\/pt\/wp-json\/wp\/v2\/media\/155580"}],"wp:attachment":[{"href":"https:\/\/www.europesays.com\/pt\/wp-json\/wp\/v2\/media?parent=155579"}],"wp:term":[{"taxonomy":"category","embeddable":true,"href":"https:\/\/www.europesays.com\/pt\/wp-json\/wp\/v2\/categories?post=155579"},{"taxonomy":"post_tag","embeddable":true,"href":"https:\/\/www.europesays.com\/pt\/wp-json\/wp\/v2\/tags?post=155579"}],"curies":[{"name":"wp","href":"https:\/\/api.w.org\/{rel}","templated":true}]}}