{"id":155583,"date":"2025-11-17T20:10:34","date_gmt":"2025-11-17T20:10:34","guid":{"rendered":"https:\/\/www.europesays.com\/pt\/155583\/"},"modified":"2025-11-17T20:10:34","modified_gmt":"2025-11-17T20:10:34","slug":"galvao-bueno-e-internado-em-sao-paulo-neta-revela-estado-de-saude","status":"publish","type":"post","link":"https:\/\/www.europesays.com\/pt\/155583\/","title":{"rendered":"Galv\u00e3o Bueno \u00e9 internado em S\u00e3o Paulo; neta revela estado de sa\u00fade"},"content":{"rendered":"\n<p>Galv\u00e3o Bueno, apresentador da Band e narrador da Amazon Prime, est\u00e1 internado no Hospital S\u00edrio Liban\u00eas, em S\u00e3o Paulo, por conta de uma pneumonia viral.<\/p>\n<p>Galv\u00e3o n\u00e3o se sentiu bem no \u00faltimo fim de semana, foi ao hospital fazer um check-up e recebeu o diagn\u00f3stico de pneumonia, informou Victoria Bueno, neta do apresentador, ao UOL.<\/p>\n<p>A neta afirmou que Galv\u00e3o Bueno j\u00e1 iniciou tratamento, &#8220;est\u00e1 bem e melhorando&#8221; e &#8220;em breve estar\u00e1 na ativa novamente&#8221;. Ela n\u00e3o informou se h\u00e1 alguma expectativa de alta.<\/p>\n<p>Por conta da interna\u00e7\u00e3o, o narrador precisou ser substitu\u00eddo por R\u00f4mulo Mendon\u00e7a na transmiss\u00e3o de Sport x Flamengo, no \u00faltimo s\u00e1bado, pelo Brasileir\u00e3o, pela Amazon Prime.<\/p>\n<p>Ele apresenta o &#8220;Galv\u00e3o e Amigos&#8221; na Band \u00e0s segundas-feiras e, no ano que vem, estar\u00e1 no SBT para transmiss\u00f5es da Copa do Mundo.<\/p>\n","protected":false},"excerpt":{"rendered":"Galv\u00e3o Bueno, apresentador da Band e narrador da Amazon Prime, est\u00e1 internado no Hospital S\u00edrio Liban\u00eas, em S\u00e3o&hellip;\n","protected":false},"author":2,"featured_media":155584,"comment_status":"","ping_status":"","sticky":false,"template":"","format":"standard","meta":{"footnotes":""},"categories":[145],"tags":[211,210,114,115,986,8430,13159,8011,32,33,17132,654,117],"class_list":{"0":"post-155583","1":"post","2":"type-post","3":"status-publish","4":"format-standard","5":"has-post-thumbnail","7":"category-celebridades","8":"tag-celebridades","9":"tag-celebrities","10":"tag-entertainment","11":"tag-entretenimento","12":"tag-estado","13":"tag-galvao-bueno","14":"tag-internado","15":"tag-neta","16":"tag-portugal","17":"tag-pt","18":"tag-revela","19":"tag-sao-paulo","20":"tag-saude"},"share_on_mastodon":{"url":"https:\/\/pubeurope.com\/@pt\/115566859163949042","error":""},"_links":{"self":[{"href":"https:\/\/www.europesays.com\/pt\/wp-json\/wp\/v2\/posts\/155583","targetHints":{"allow":["GET"]}}],"collection":[{"href":"https:\/\/www.europesays.com\/pt\/wp-json\/wp\/v2\/posts"}],"about":[{"href":"https:\/\/www.europesays.com\/pt\/wp-json\/wp\/v2\/types\/post"}],"author":[{"embeddable":true,"href":"https:\/\/www.europesays.com\/pt\/wp-json\/wp\/v2\/users\/2"}],"replies":[{"embeddable":true,"href":"https:\/\/www.europesays.com\/pt\/wp-json\/wp\/v2\/comments?post=155583"}],"version-history":[{"count":0,"href":"https:\/\/www.europesays.com\/pt\/wp-json\/wp\/v2\/posts\/155583\/revisions"}],"wp:featuredmedia":[{"embeddable":true,"href":"https:\/\/www.europesays.com\/pt\/wp-json\/wp\/v2\/media\/155584"}],"wp:attachment":[{"href":"https:\/\/www.europesays.com\/pt\/wp-json\/wp\/v2\/media?parent=155583"}],"wp:term":[{"taxonomy":"category","embeddable":true,"href":"https:\/\/www.europesays.com\/pt\/wp-json\/wp\/v2\/categories?post=155583"},{"taxonomy":"post_tag","embeddable":true,"href":"https:\/\/www.europesays.com\/pt\/wp-json\/wp\/v2\/tags?post=155583"}],"curies":[{"name":"wp","href":"https:\/\/api.w.org\/{rel}","templated":true}]}}