{"id":155585,"date":"2025-11-17T20:11:08","date_gmt":"2025-11-17T20:11:08","guid":{"rendered":"https:\/\/www.europesays.com\/pt\/155585\/"},"modified":"2025-11-17T20:11:08","modified_gmt":"2025-11-17T20:11:08","slug":"3o-concurso-industrial-design-id-onde-o-design-encontra-a-inovacao","status":"publish","type":"post","link":"https:\/\/www.europesays.com\/pt\/155585\/","title":{"rendered":"\u201c3\u00ba Concurso Industrial Design \u2013 ID\u201d onde o design encontra a inova\u00e7\u00e3o"},"content":{"rendered":"<p>A 3\u00aa edi\u00e7\u00e3o do concurso ID prop\u00f5e uma experi\u00eancia colaborativa na Escola Superior de Tecnologia e Gest\u00e3o de Viseu (ESTGV) que re\u00fane dois departamentos \u2013 Departamento de Engenharia e Gest\u00e3o Industrial (DEMGI) e o Departamento de Gest\u00e3o (dGest). O concurso ID ir\u00e1 acontecer no dia 11 de dezembro de 2025, pelas 14 horas, na Aula Magna Professor Jo\u00e3o Pedro Antas de Barros do Instituto Polit\u00e9cnico de Viseu (IPV).<\/p>\n<p>Este concurso apresenta-se como uma proposta de aprendizagem interdisciplinar que assenta no desafio lan\u00e7ado aos alunos do 2\u00ba ano da Licenciatura em Marketing e do 3\u00ba ano da Licenciatura em Gest\u00e3o Industrial, e que consiste num projeto de design com o tema Floreira 2.0.<\/p>\n<p>Este projeto visa estimular os alunos a reinterpretar o conceito cl\u00e1ssico de floreira, atribuindo-lhe um estilo contempor\u00e2neo e inovador; fomentar a aplica\u00e7\u00e3o pr\u00e1tica de conhecimentos t\u00e9cnicos e criativos, desde a conce\u00e7\u00e3o at\u00e9 \u00e0 execu\u00e7\u00e3o do prot\u00f3tipo, articulando design, funcionalidade e sustentabilidade, mas tamb\u00e9m, valorizar o espa\u00e7o acad\u00e9mico da ESTGV, atrav\u00e9s da cria\u00e7\u00e3o de pe\u00e7as decorativas e funcionais que melhorem a est\u00e9tica e a utilidade dos ambientes interiores.<\/p>\n<p>Para mais informa\u00e7\u00f5es e para efetuarem a inscri\u00e7\u00e3o podem consultar o site oficial do evento e seguir as novidades nas redes sociais Facebook e Instagram.<\/p>\n","protected":false},"excerpt":{"rendered":"A 3\u00aa edi\u00e7\u00e3o do concurso ID prop\u00f5e uma experi\u00eancia colaborativa na Escola Superior de Tecnologia e Gest\u00e3o de&hellip;\n","protected":false},"author":2,"featured_media":155586,"comment_status":"","ping_status":"","sticky":false,"template":"","format":"standard","meta":{"footnotes":""},"categories":[144],"tags":[207,205,206,203,201,202,204,114,115,32,33],"class_list":{"0":"post-155585","1":"post","2":"type-post","3":"status-publish","4":"format-standard","5":"has-post-thumbnail","7":"category-arte-e-design","8":"tag-arte","9":"tag-arte-e-design","10":"tag-artedesign","11":"tag-arts","12":"tag-arts-and-design","13":"tag-artsanddesign","14":"tag-design","15":"tag-entertainment","16":"tag-entretenimento","17":"tag-portugal","18":"tag-pt"},"share_on_mastodon":{"url":"https:\/\/pubeurope.com\/@pt\/115566862842134863","error":""},"_links":{"self":[{"href":"https:\/\/www.europesays.com\/pt\/wp-json\/wp\/v2\/posts\/155585","targetHints":{"allow":["GET"]}}],"collection":[{"href":"https:\/\/www.europesays.com\/pt\/wp-json\/wp\/v2\/posts"}],"about":[{"href":"https:\/\/www.europesays.com\/pt\/wp-json\/wp\/v2\/types\/post"}],"author":[{"embeddable":true,"href":"https:\/\/www.europesays.com\/pt\/wp-json\/wp\/v2\/users\/2"}],"replies":[{"embeddable":true,"href":"https:\/\/www.europesays.com\/pt\/wp-json\/wp\/v2\/comments?post=155585"}],"version-history":[{"count":0,"href":"https:\/\/www.europesays.com\/pt\/wp-json\/wp\/v2\/posts\/155585\/revisions"}],"wp:featuredmedia":[{"embeddable":true,"href":"https:\/\/www.europesays.com\/pt\/wp-json\/wp\/v2\/media\/155586"}],"wp:attachment":[{"href":"https:\/\/www.europesays.com\/pt\/wp-json\/wp\/v2\/media?parent=155585"}],"wp:term":[{"taxonomy":"category","embeddable":true,"href":"https:\/\/www.europesays.com\/pt\/wp-json\/wp\/v2\/categories?post=155585"},{"taxonomy":"post_tag","embeddable":true,"href":"https:\/\/www.europesays.com\/pt\/wp-json\/wp\/v2\/tags?post=155585"}],"curies":[{"name":"wp","href":"https:\/\/api.w.org\/{rel}","templated":true}]}}