{"id":155589,"date":"2025-11-17T20:15:10","date_gmt":"2025-11-17T20:15:10","guid":{"rendered":"https:\/\/www.europesays.com\/pt\/155589\/"},"modified":"2025-11-17T20:15:10","modified_gmt":"2025-11-17T20:15:10","slug":"eis-o-teaser-de-moana-live-action","status":"publish","type":"post","link":"https:\/\/www.europesays.com\/pt\/155589\/","title":{"rendered":"Eis o teaser de Moana live action"},"content":{"rendered":"<p>A <a href=\"https:\/\/www.eurogamer.pt\/companies\/the-walt-disney-company\" rel=\"nofollow noopener\" target=\"_blank\">Disney<\/a> apresentou o primeiro teaser para Moana, o remake live action do filme de anima\u00e7\u00e3o, no qual Catherine Laga\u02bbaia \u00e9 Moana e Dwayne Johnson volta a ser Maui, mas agora vai al\u00e9m da voz.<\/p>\n<p>O teaser mostra esta vers\u00e3o da ilha, os Motonui, e os Kakamora, com as imagens a mostrar Laga\u02bbaia e Johnson envolvidos em cen\u00e1rios CG, sugerindo que o remake live action manter\u00e1 uma est\u00e9tica que aproxima os atores reais de visuais que esperas de uma anima\u00e7\u00e3o CG.<\/p>\n<p>Este primeiro teaser, um importante passo na jornada at\u00e9 \u00e0 estreia em julho de 2026 nos cinemas, mostra ainda um pouco da realiza\u00e7\u00e3o de Thomas Kail (Hamilton), que contou com a ajuda de Dwayne Johnson, Beau Flynn, Dany Garcia, Hiram Garcia e Lin-Manuel Miranda na produ\u00e7\u00e3o.<\/p>\n<p>O elenco conta ainda com John Tui como Chief Tui, Frankie Adams como Sina, e Rena Owen como Gramma Tala.<\/p>\n<p><a class=\"button video\" href=\"https:\/\/www.youtube.com\/watch?v=QKYFfYLe5rs\" rel=\"noopener nofollow\" target=\"_blank\">Ver no Youtube<\/a><\/p>\n","protected":false},"excerpt":{"rendered":"A Disney apresentou o primeiro teaser para Moana, o remake live action do filme de anima\u00e7\u00e3o, no qual&hellip;\n","protected":false},"author":2,"featured_media":155590,"comment_status":"","ping_status":"","sticky":false,"template":"","format":"standard","meta":{"footnotes":""},"categories":[140],"tags":[114,115,147,148,146,32,33],"class_list":{"0":"post-155589","1":"post","2":"type-post","3":"status-publish","4":"format-standard","5":"has-post-thumbnail","7":"category-filmes","8":"tag-entertainment","9":"tag-entretenimento","10":"tag-film","11":"tag-filmes","12":"tag-movies","13":"tag-portugal","14":"tag-pt"},"share_on_mastodon":{"url":"https:\/\/pubeurope.com\/@pt\/115566878762004187","error":""},"_links":{"self":[{"href":"https:\/\/www.europesays.com\/pt\/wp-json\/wp\/v2\/posts\/155589","targetHints":{"allow":["GET"]}}],"collection":[{"href":"https:\/\/www.europesays.com\/pt\/wp-json\/wp\/v2\/posts"}],"about":[{"href":"https:\/\/www.europesays.com\/pt\/wp-json\/wp\/v2\/types\/post"}],"author":[{"embeddable":true,"href":"https:\/\/www.europesays.com\/pt\/wp-json\/wp\/v2\/users\/2"}],"replies":[{"embeddable":true,"href":"https:\/\/www.europesays.com\/pt\/wp-json\/wp\/v2\/comments?post=155589"}],"version-history":[{"count":0,"href":"https:\/\/www.europesays.com\/pt\/wp-json\/wp\/v2\/posts\/155589\/revisions"}],"wp:featuredmedia":[{"embeddable":true,"href":"https:\/\/www.europesays.com\/pt\/wp-json\/wp\/v2\/media\/155590"}],"wp:attachment":[{"href":"https:\/\/www.europesays.com\/pt\/wp-json\/wp\/v2\/media?parent=155589"}],"wp:term":[{"taxonomy":"category","embeddable":true,"href":"https:\/\/www.europesays.com\/pt\/wp-json\/wp\/v2\/categories?post=155589"},{"taxonomy":"post_tag","embeddable":true,"href":"https:\/\/www.europesays.com\/pt\/wp-json\/wp\/v2\/tags?post=155589"}],"curies":[{"name":"wp","href":"https:\/\/api.w.org\/{rel}","templated":true}]}}