{"id":155591,"date":"2025-11-17T20:16:08","date_gmt":"2025-11-17T20:16:08","guid":{"rendered":"https:\/\/www.europesays.com\/pt\/155591\/"},"modified":"2025-11-17T20:16:08","modified_gmt":"2025-11-17T20:16:08","slug":"a-regressar-a-portugal-rafa-silva-so-equaciona-jogar-no-benfica","status":"publish","type":"post","link":"https:\/\/www.europesays.com\/pt\/155591\/","title":{"rendered":"A regressar a Portugal, Rafa Silva s\u00f3 equaciona jogar no Benfica"},"content":{"rendered":"<p>A viver um per\u00edodo turbulento no Besiktas, Rafa Silva mant\u00e9m-se firme na inten\u00e7\u00e3o de deixar o clube turco por estar desiludido com a instabilidade desportiva que encontrou e que se agudizou nos \u00faltimos meses, com o emblema de Istambul afetado por mudan\u00e7as de dire\u00e7\u00e3o, de equipas t\u00e9cnicas e a mostrar-se cada vez mais enfraquecido dentro de campo e incapaz de lutar pelo campeonato com os maiores rivais.<\/p>\n<p>O avan\u00e7ado, que pode voltar aos treinos nesta ter\u00e7a-feira (hoje, segunda-feira, foi dia de folga), permanece com o futuro por definir e, apesar dos 32 anos, continua a ser um jogador com muito mercado, ele que h\u00e1 um ano e meio, quando deixou o Benfica, recusou propostas de alguns clubes importantes da <a href=\"https:\/\/maisfutebol.iol.pt\/benfica\/rafa\/benfica-rafa-tem-duas-ofertas-de-clubes-da-arabia-saudita\" rel=\"nofollow noopener\" target=\"_blank\"><strong>Ar\u00e1bia Saudita<\/strong><\/a> e do <a href=\"https:\/\/maisfutebol.iol.pt\/benfica\/rafa\/al-sadd-insiste-por-rafa-e-prepara-nova-proposta-para-o-benfica\" rel=\"nofollow noopener\" target=\"_blank\"><strong>Qatar<\/strong><\/a>, tal como revelou o <strong>Maisfutebol <\/strong>em tempo oportuno e neste s\u00e1bado, em comunicado, o empres\u00e1rio de Rafa.<\/p>\n<p>O jogador, sabe o <strong>Maisfutebol<\/strong>, equaciona nesta altura v\u00e1rias possibilidades para dar um novo rumo \u00e0 carreira preferencialmente j\u00e1 em janeiro, sendo certo que, tal como foi referido pelo CEO da Onsoccer em comunicado, \u00e9 preciso que haja um acordo entre Rafa e Besiktas para a rescis\u00e3o do contrato que liga o futebolista ao emblema de Istambul at\u00e9 ao ver\u00e3o de 2027.<\/p>\n<p>O Benfica, onde Rafa Silva passou oito temporadas e conquistou sete t\u00edtulos, entre os quais tr\u00eas campeonatos, \u00e9 um cen\u00e1rio que agradaria ao futebolista, consciente de que um eventual regresso seria acompanhado de um corte salarial consider\u00e1vel, j\u00e1 que o avan\u00e7ado aufere 6 milh\u00f5es de euros anuais.<\/p>\n<p>Este teria tamb\u00e9m de ser um assunto gerido com pin\u00e7as pela dire\u00e7\u00e3o dos encarnados, at\u00e9 pela boa rela\u00e7\u00e3o com o Besiktas, estreitada pelos v\u00e1rios neg\u00f3cios realizados nos \u00faltimos anos com as transfer\u00eancias de Gedson, Rafa, Jo\u00e3o M\u00e1rio, K\u00f6kc\u00fc e Jur\u00e1sek, este \u00faltimo emprestado, para os turcos.<\/p>\n<p>Recorde-se que no adeus aos encarnados, no ver\u00e3o de 2024, Rafa chegou a emocionar-se numa rara entrevista concedida aos canais do clube: \u00abEu gosto do Benfica e amo o Benfica, \u00e0 minha maneira, e vai ser sempre assim.\u00bb<\/p>\n<p>Tamb\u00e9m por isso, pelo forte sentimento que desenvolveu ao longo dos anos ao servi\u00e7o dos encarnados, Rafa, confirmou tamb\u00e9m o nosso jornal, descarta liminarmente a possibilidade de vestir a camisola de qualquer outro clube portugu\u00eas de topo, estando o Sporting, ao contr\u00e1rio do que tem sido especulado, totalmente descartado da equa\u00e7\u00e3o.<\/p>\n","protected":false},"excerpt":{"rendered":"A viver um per\u00edodo turbulento no Besiktas, Rafa Silva mant\u00e9m-se firme na inten\u00e7\u00e3o de deixar o clube turco&hellip;\n","protected":false},"author":2,"featured_media":155592,"comment_status":"","ping_status":"","sticky":false,"template":"","format":"standard","meta":{"footnotes":""},"categories":[87],"tags":[51,437,135,82,36,46,32,33,47,1257,21749,134,35,2428],"class_list":{"0":"post-155591","1":"post","2":"type-post","3":"status-publish","4":"format-standard","5":"has-post-thumbnail","7":"category-desporto","8":"tag-benfica","9":"tag-besiktas","10":"tag-desporto","11":"tag-internacional","12":"tag-liga","13":"tag-maisfutebol","14":"tag-portugal","15":"tag-pt","16":"tag-pura-paixao","17":"tag-rafa","18":"tag-rafa-silva","19":"tag-sports","20":"tag-transferencias","21":"tag-turquia"},"share_on_mastodon":{"url":"https:\/\/pubeurope.com\/@pt\/115566882657629419","error":""},"_links":{"self":[{"href":"https:\/\/www.europesays.com\/pt\/wp-json\/wp\/v2\/posts\/155591","targetHints":{"allow":["GET"]}}],"collection":[{"href":"https:\/\/www.europesays.com\/pt\/wp-json\/wp\/v2\/posts"}],"about":[{"href":"https:\/\/www.europesays.com\/pt\/wp-json\/wp\/v2\/types\/post"}],"author":[{"embeddable":true,"href":"https:\/\/www.europesays.com\/pt\/wp-json\/wp\/v2\/users\/2"}],"replies":[{"embeddable":true,"href":"https:\/\/www.europesays.com\/pt\/wp-json\/wp\/v2\/comments?post=155591"}],"version-history":[{"count":0,"href":"https:\/\/www.europesays.com\/pt\/wp-json\/wp\/v2\/posts\/155591\/revisions"}],"wp:featuredmedia":[{"embeddable":true,"href":"https:\/\/www.europesays.com\/pt\/wp-json\/wp\/v2\/media\/155592"}],"wp:attachment":[{"href":"https:\/\/www.europesays.com\/pt\/wp-json\/wp\/v2\/media?parent=155591"}],"wp:term":[{"taxonomy":"category","embeddable":true,"href":"https:\/\/www.europesays.com\/pt\/wp-json\/wp\/v2\/categories?post=155591"},{"taxonomy":"post_tag","embeddable":true,"href":"https:\/\/www.europesays.com\/pt\/wp-json\/wp\/v2\/tags?post=155591"}],"curies":[{"name":"wp","href":"https:\/\/api.w.org\/{rel}","templated":true}]}}