{"id":155595,"date":"2025-11-17T20:19:10","date_gmt":"2025-11-17T20:19:10","guid":{"rendered":"https:\/\/www.europesays.com\/pt\/155595\/"},"modified":"2025-11-17T20:19:10","modified_gmt":"2025-11-17T20:19:10","slug":"galaxy-s26-o-que-esperar-e-qual-deve-ser-o-preco-da-nova-geracao-de-celulares-da-samsung","status":"publish","type":"post","link":"https:\/\/www.europesays.com\/pt\/155595\/","title":{"rendered":"Galaxy S26: o que esperar e qual deve ser o pre\u00e7o da nova gera\u00e7\u00e3o de celulares da Samsung"},"content":{"rendered":"<p>Segundo o site <strong>Sammy Fans<\/strong>, o Galaxy S26 deve manter o mesmo valor sugerido do antecessor nos Estados Unidos: <strong>US$ 799 <\/strong>(cerca de R$ 4,2 mil) na vers\u00e3o b\u00e1sica. O modelo <strong>S26+<\/strong> deve partir de <strong>US$ 1.000<\/strong> (equivalente a R$ 5,3 mil), enquanto o <strong>S26 Ultra<\/strong> permanece estimado em torno de <strong>US$ 1.299<\/strong> (pr\u00f3ximo a R$ 6,8 mil), cifras que mant\u00eam a marca alinhada ao patamar de concorrentes diretas, como Apple e Google.\u00a0<\/p>\n","protected":false},"excerpt":{"rendered":"Segundo o site Sammy Fans, o Galaxy S26 deve manter o mesmo valor sugerido do antecessor nos Estados&hellip;\n","protected":false},"author":2,"featured_media":155596,"comment_status":"","ping_status":"","sticky":false,"template":"","format":"standard","meta":{"footnotes":""},"categories":[84],"tags":[109,107,108,32,33,952,105,103,104,106,110,3022],"class_list":{"0":"post-155595","1":"post","2":"type-post","3":"status-publish","4":"format-standard","5":"has-post-thumbnail","7":"category-ciencia-e-tecnologia","8":"tag-ciencia","9":"tag-ciencia-e-tecnologia","10":"tag-cienciaetecnologia","11":"tag-portugal","12":"tag-pt","13":"tag-samsung","14":"tag-science","15":"tag-science-and-technology","16":"tag-scienceandtechnology","17":"tag-technology","18":"tag-tecnologia","19":"tag-trends"},"share_on_mastodon":{"url":"https:\/\/pubeurope.com\/@pt\/115566894272663334","error":""},"_links":{"self":[{"href":"https:\/\/www.europesays.com\/pt\/wp-json\/wp\/v2\/posts\/155595","targetHints":{"allow":["GET"]}}],"collection":[{"href":"https:\/\/www.europesays.com\/pt\/wp-json\/wp\/v2\/posts"}],"about":[{"href":"https:\/\/www.europesays.com\/pt\/wp-json\/wp\/v2\/types\/post"}],"author":[{"embeddable":true,"href":"https:\/\/www.europesays.com\/pt\/wp-json\/wp\/v2\/users\/2"}],"replies":[{"embeddable":true,"href":"https:\/\/www.europesays.com\/pt\/wp-json\/wp\/v2\/comments?post=155595"}],"version-history":[{"count":0,"href":"https:\/\/www.europesays.com\/pt\/wp-json\/wp\/v2\/posts\/155595\/revisions"}],"wp:featuredmedia":[{"embeddable":true,"href":"https:\/\/www.europesays.com\/pt\/wp-json\/wp\/v2\/media\/155596"}],"wp:attachment":[{"href":"https:\/\/www.europesays.com\/pt\/wp-json\/wp\/v2\/media?parent=155595"}],"wp:term":[{"taxonomy":"category","embeddable":true,"href":"https:\/\/www.europesays.com\/pt\/wp-json\/wp\/v2\/categories?post=155595"},{"taxonomy":"post_tag","embeddable":true,"href":"https:\/\/www.europesays.com\/pt\/wp-json\/wp\/v2\/tags?post=155595"}],"curies":[{"name":"wp","href":"https:\/\/api.w.org\/{rel}","templated":true}]}}