{"id":155611,"date":"2025-11-17T20:30:11","date_gmt":"2025-11-17T20:30:11","guid":{"rendered":"https:\/\/www.europesays.com\/pt\/155611\/"},"modified":"2025-11-17T20:30:11","modified_gmt":"2025-11-17T20:30:11","slug":"ao-telemovel-e-deitado-no-treino-imagens-expoem-treinador-do-marinhense","status":"publish","type":"post","link":"https:\/\/www.europesays.com\/pt\/155611\/","title":{"rendered":"Ao telem\u00f3vel e deitado no treino: imagens exp\u00f5em treinador do Marinhense"},"content":{"rendered":"<p>A poucos dias da <a href=\"https:\/\/maisfutebol.iol.pt\/jogo\/sporting\/marinhense\/13830734\" target=\"_blank\" rel=\"nofollow noopener\">visita a Alvalade para defrontar o Sporting<\/a>, o Marinhense continua no centro da pol\u00e9mica. Depois das <a href=\"https:\/\/maisfutebol.iol.pt\/futebol\/marinhense\/treinador-do-marinhense-acusado-de-abuso-psicologico-por-jogadores\" target=\"_blank\" rel=\"nofollow noopener\">den\u00fancias de abuso psicol\u00f3gico feitas por jogadores contra Rui Sacramento<\/a>, agora surgem novas imagens do treinador em atitudes ins\u00f3litas durante um treino f\u00edsico antes do jogo com o Anadia, advers\u00e1rio que a equipa viria a eliminar da Ta\u00e7a de Portugal.<\/p>\n<p>As imagens, divulgadas esta segunda-feira e confirmadas pelo <strong>Maisfutebol<\/strong>, mostram Rui Sacramento deitado no relvado enquanto a equipa realiza exerc\u00edcios f\u00edsicos, al\u00e9m de momentos em que o treinador se espregui\u00e7a e consulta o telem\u00f3vel.<\/p>\n<p>A sequ\u00eancia visual, agora partilhada, surge num momento particularmente sens\u00edvel para o Marinhense, depois de v\u00e1rios jogadores terem acusado Sacramento de abuso psicol\u00f3gico, situa\u00e7\u00e3o que j\u00e1 foi reportada ao Sindicato dos Jogadores e dada a conhecer \u00e0 dire\u00e7\u00e3o do clube.<\/p>\n<p data-end=\"1505\" data-start=\"1207\">Tal como o <strong>Maisfutebol <\/strong>deu conta, a \u00e9poca tem sido turbulenta na Marinha Grande. O plantel conta com um n\u00famero invulgarmente elevado de atletas, consequ\u00eancia da tentativa falhada de criar uma equipa B. V\u00e1rios jogadores j\u00e1 foram dispensados e a instabilidade tem-se refletido dentro e fora de campo.<\/p>\n","protected":false},"excerpt":{"rendered":"A poucos dias da visita a Alvalade para defrontar o Sporting, o Marinhense continua no centro da pol\u00e9mica.&hellip;\n","protected":false},"author":2,"featured_media":155612,"comment_status":"","ping_status":"","sticky":false,"template":"","format":"standard","meta":{"footnotes":""},"categories":[87],"tags":[135,524,46,8411,32,33,47,33074,34,134,13676,2710],"class_list":{"0":"post-155611","1":"post","2":"type-post","3":"status-publish","4":"format-standard","5":"has-post-thumbnail","7":"category-desporto","8":"tag-desporto","9":"tag-futebol","10":"tag-maisfutebol","11":"tag-marinhense","12":"tag-portugal","13":"tag-pt","14":"tag-pura-paixao","15":"tag-rui-sacramento","16":"tag-sporting","17":"tag-sports","18":"tag-taca-portugal","19":"tag-treinador"},"share_on_mastodon":{"url":"https:\/\/pubeurope.com\/@pt\/115566938171803685","error":""},"_links":{"self":[{"href":"https:\/\/www.europesays.com\/pt\/wp-json\/wp\/v2\/posts\/155611","targetHints":{"allow":["GET"]}}],"collection":[{"href":"https:\/\/www.europesays.com\/pt\/wp-json\/wp\/v2\/posts"}],"about":[{"href":"https:\/\/www.europesays.com\/pt\/wp-json\/wp\/v2\/types\/post"}],"author":[{"embeddable":true,"href":"https:\/\/www.europesays.com\/pt\/wp-json\/wp\/v2\/users\/2"}],"replies":[{"embeddable":true,"href":"https:\/\/www.europesays.com\/pt\/wp-json\/wp\/v2\/comments?post=155611"}],"version-history":[{"count":0,"href":"https:\/\/www.europesays.com\/pt\/wp-json\/wp\/v2\/posts\/155611\/revisions"}],"wp:featuredmedia":[{"embeddable":true,"href":"https:\/\/www.europesays.com\/pt\/wp-json\/wp\/v2\/media\/155612"}],"wp:attachment":[{"href":"https:\/\/www.europesays.com\/pt\/wp-json\/wp\/v2\/media?parent=155611"}],"wp:term":[{"taxonomy":"category","embeddable":true,"href":"https:\/\/www.europesays.com\/pt\/wp-json\/wp\/v2\/categories?post=155611"},{"taxonomy":"post_tag","embeddable":true,"href":"https:\/\/www.europesays.com\/pt\/wp-json\/wp\/v2\/tags?post=155611"}],"curies":[{"name":"wp","href":"https:\/\/api.w.org\/{rel}","templated":true}]}}