{"id":155616,"date":"2025-11-17T20:34:20","date_gmt":"2025-11-17T20:34:20","guid":{"rendered":"https:\/\/www.europesays.com\/pt\/155616\/"},"modified":"2025-11-17T20:34:20","modified_gmt":"2025-11-17T20:34:20","slug":"fundador-da-amazon-tem-um-novo-emprego-numa-startup-que-ja-captou-62-mil-milhoes-de-dolares","status":"publish","type":"post","link":"https:\/\/www.europesays.com\/pt\/155616\/","title":{"rendered":"Fundador da Amazon tem um novo emprego numa startup que j\u00e1 captou 6,2 mil milh\u00f5es de d\u00f3lares"},"content":{"rendered":"<p>O<strong> fundador da Amazon<\/strong>, que em 2021 deixou a lideran\u00e7a da tecnol\u00f3gica, <strong>vai voltar \u00e0 ribalta e \u00e0s fun\u00e7\u00f5es de gest\u00e3o executiva<\/strong>, num novo desafio profissional que, segundo consta, est\u00e1 associado a um novo investimento.<\/p>\n<p>N\u00e3o perca nenhuma not\u00edcia importante da atualidade de tecnologia e\u00a0<a href=\"https:\/\/tek.sapo.pt\/\" target=\"_blank\" id=\"s-a-embed-691\" rel=\"noreferrer noopener nofollow\" data-stringify-link=\"https:\/\/teknoticias.us15.list-manage.com\/subscribe?u=9a06a5af5e9150806abc02bae&amp;id=ef9b27090d\" data-sk=\"tooltip_parent\">acompanhe tudo em tek.sapo.pt<\/a><\/p>\n<p>Jeff Bezos deve assumir em breve a dire\u00e7\u00e3o executiva da <strong>Project Prometheus<\/strong>, uma startup com <strong>cerca de 100 funcion\u00e1rios<\/strong>, entre eles <strong>ex-quadros de algumas das empresas mais badaladas do momento<\/strong>, como a OpenAI, DeepMind e Meta.<\/p>\n<p>O <strong>cargo ser\u00e1 dividido com o fundador da empresa (co-CEOs), Vik Bajaj<\/strong>, qu\u00edmico e f\u00edsico de forma\u00e7\u00e3o, que j\u00e1 trabalhou na divis\u00e3o de projetos especiais da Google, a Google X, e j\u00e1 liderou a Verily, uma startup da \u00e1rea da sa\u00fade tamb\u00e9m do grupo Alphabet.<\/p>\n<p>Segundo o The New York Times, <strong>Jeff Bezos \u00e9 um dos maiores investidores da startup de intelig\u00eancia artificial<\/strong>, cujo \u00e2mbito da atividade ainda n\u00e3o \u00e9 muito claro.<\/p>\n<p>Diz-se que a empresa est\u00e1 a desenvolver <strong>tecnologia potenciada por IA para apoiar processos de produ\u00e7\u00e3o de computadores, autom\u00f3veis e na ind\u00fastria aeroespacial<\/strong>. Esta \u00faltima \u00e1rea, sem d\u00favida um dos campos de interesse do patr\u00e3o da Amazon, que tamb\u00e9m fundou a empresa aeroespacial Blue Origin.<\/p>\n<p>O <strong>Projeto Prometheus ser\u00e1 j\u00e1 uma das startups mais financiadas da atualidade<\/strong>, segundo o NYT, com<strong> 6,2 mil milh\u00f5es de d\u00f3lares captados junto de investidores<\/strong>, entre eles e com lugar de destaque, Jeff Bezos.<\/p>\n<p>Segundo a Forbes<strong>, <a href=\"https:\/\/www.forbes.com\/real-time-billionaires\/\" target=\"_blank\" rel=\"noreferrer noopener nofollow\">Jeff Bezos \u00e9 o terceiro mais rico do mundo<\/a>, com uma fortuna avaliada em 245,9 mil milh\u00f5es de d\u00f3lares<\/strong>. \u00c0 sua frente est\u00e3o apenas Elon Musk (Tesla, SpaceX e X) e Larry Ellison (Oracle).<\/p>\n<p>Assine a\u00a0<a href=\"https:\/\/teknoticias.us15.list-manage.com\/subscribe?u=9a06a5af5e9150806abc02bae&amp;id=ef9b27090d\" target=\"_blank\" rel=\"noreferrer noopener nofollow\">newsletter do TEK Not\u00edcias<\/a>\u00a0e receba todos os dias as principais not\u00edcias de tecnologia na sua caixa de correio.<\/p>\n","protected":false},"excerpt":{"rendered":"O fundador da Amazon, que em 2021 deixou a lideran\u00e7a da tecnol\u00f3gica, vai voltar \u00e0 ribalta e \u00e0s&hellip;\n","protected":false},"author":2,"featured_media":155617,"comment_status":"","ping_status":"","sticky":false,"template":"","format":"standard","meta":{"footnotes":""},"categories":[83],"tags":[88,89,90,32,33],"class_list":{"0":"post-155616","1":"post","2":"type-post","3":"status-publish","4":"format-standard","5":"has-post-thumbnail","7":"category-empresas","8":"tag-business","9":"tag-economy","10":"tag-empresas","11":"tag-portugal","12":"tag-pt"},"share_on_mastodon":{"url":"https:\/\/pubeurope.com\/@pt\/115566953520036657","error":""},"_links":{"self":[{"href":"https:\/\/www.europesays.com\/pt\/wp-json\/wp\/v2\/posts\/155616","targetHints":{"allow":["GET"]}}],"collection":[{"href":"https:\/\/www.europesays.com\/pt\/wp-json\/wp\/v2\/posts"}],"about":[{"href":"https:\/\/www.europesays.com\/pt\/wp-json\/wp\/v2\/types\/post"}],"author":[{"embeddable":true,"href":"https:\/\/www.europesays.com\/pt\/wp-json\/wp\/v2\/users\/2"}],"replies":[{"embeddable":true,"href":"https:\/\/www.europesays.com\/pt\/wp-json\/wp\/v2\/comments?post=155616"}],"version-history":[{"count":0,"href":"https:\/\/www.europesays.com\/pt\/wp-json\/wp\/v2\/posts\/155616\/revisions"}],"wp:featuredmedia":[{"embeddable":true,"href":"https:\/\/www.europesays.com\/pt\/wp-json\/wp\/v2\/media\/155617"}],"wp:attachment":[{"href":"https:\/\/www.europesays.com\/pt\/wp-json\/wp\/v2\/media?parent=155616"}],"wp:term":[{"taxonomy":"category","embeddable":true,"href":"https:\/\/www.europesays.com\/pt\/wp-json\/wp\/v2\/categories?post=155616"},{"taxonomy":"post_tag","embeddable":true,"href":"https:\/\/www.europesays.com\/pt\/wp-json\/wp\/v2\/tags?post=155616"}],"curies":[{"name":"wp","href":"https:\/\/api.w.org\/{rel}","templated":true}]}}