{"id":155620,"date":"2025-11-17T20:36:28","date_gmt":"2025-11-17T20:36:28","guid":{"rendered":"https:\/\/www.europesays.com\/pt\/155620\/"},"modified":"2025-11-17T20:36:28","modified_gmt":"2025-11-17T20:36:28","slug":"criticas-de-bom-senso-ao-governo-para-alargar-base-observador","status":"publish","type":"post","link":"https:\/\/www.europesays.com\/pt\/155620\/","title":{"rendered":"&#8220;Cr\u00edticas de bom senso&#8221; ao governo para alargar base \u2013 Observador"},"content":{"rendered":"<p>H\u00e1 20 anos, na \u00faltima corrida presidencial que protagonizou, M\u00e1rio Soares tentava assegurar que a sua \u201cindepend\u00eancia\u201d deitaria por terra a ideia de que os portugueses n\u00e3o gostam de votar na mesma \u00e1rea pol\u00edtica para diferentes cargos: \u201cN\u00e3o haver\u00e1 maneira de os ovos ficarem todos no mesmo cesto porque <strong>o ovo presidencial<\/strong>, que serei eu, ser\u00e1 independente\u201d. Meses depois comprovar-se-ia que dessa vez n\u00e3o tinha raz\u00e3o: com Jos\u00e9 S\u00f3crates a liderar o Governo, os portugueses escolheriam Cavaco Silva para se instalar em Bel\u00e9m. Vinte anos volvidos, Lu\u00eds Marques Mendes volta a enfrentar o mesmo <strong>dilema<\/strong> \u2014 a teoria de que os portugueses preferem n\u00e3o colocar os ovos todos no mesmo cesto \u2014 numa altura em que o PSD tem na sua m\u00e3o, simultaneamente, o <strong>dom\u00ednio<\/strong> do Governo, das autarquias e das regi\u00f5es aut\u00f3nomas.<\/p>\n<p>O homem com quem tem alimentado maior rivalidade nesta pr\u00e9-campanha, <strong>Henrique Gouveia e Melo<\/strong>, aproveita a associa\u00e7\u00e3o de Lu\u00eds Marques Mendes ao PSD \u2014 antes do 25 de Abril j\u00e1 era simpatizante, fez de tudo no partido e chegou a l\u00edder, embora n\u00e3o a primeiro-ministro \u2014 precisamente para frisar a independ\u00eancia que, na sua perspetiva, Marques Mendes n\u00e3o tem: esta semana chamava-lhe <strong>\u201ccavalo de Tr\u00f3ia\u201d<\/strong>, dizendo que \u201csem o PSD n\u00e3o seria eleito\u201d e que ficar\u00e1 mesmo com uma <strong>\u201cd\u00edvida\u201d<\/strong> ao partido que lhe ser\u00e1 cobrada em Bel\u00e9m.<\/p>\n<p>Coincid\u00eancia ou n\u00e3o, nos \u00faltimos dias Marques Mendes tem feito <strong>cr\u00edticas e avisos<\/strong> ao Governo, algumas particularmente duras e em \u00e1reas em que Lu\u00eds Montenegro se depara com s\u00e9rias complica\u00e7\u00f5es, da Sa\u00fade \u00e0 greve geral que CTGP e UGT preparam para dezembro. E na sua equipa n\u00e3o falta quem recorde <strong>farpas<\/strong> antigas e mais recentes ao partido, zangas de h\u00e1 anos com autarcas do PSD que n\u00e3o apoiou por raz\u00f5es \u00e9ticas ou coment\u00e1rios \u00e1cidos que chegou a lan\u00e7ar, em domingos de muita audi\u00eancia, contra l\u00edderes sociais democratas.<\/p>\n<p>Entre quem trabalha com Marques Mendes atira-se a farpa a Gouveia e Melo: o social democrata tem dito o que pensa, criticando por vezes o Governo, sem modificar o discurso \u201cconsoante o eleitorado atr\u00e1s do qual quer ir, como o <strong>almirante<\/strong>\u201c; mant\u00e9m-se no centro-direita, assumindo o seu passado pol\u00edtico e o \u201corgulho\u201d que tem na sua fam\u00edlia pol\u00edtica, juntando-lhe as tais <strong>\u201ccr\u00edticas de bom senso\u201d<\/strong> com que outros eleitores tamb\u00e9m se podem identificar. \u201cSe h\u00e1 coisa que ele n\u00e3o \u00e9 \u00e9 um catavento: n\u00e3o diz de manh\u00e3 que \u00e9 de esquerda e \u00e0 noite que \u00e9 de direita\u201d.<\/p>\n<p>Tudo para tentar garantir uma coisa: Marques Mendes \u00e9, como \u201cCavaco Silva, Jorge Sampaio, Marcelo Rebelo de Sousa ou M\u00e1rio Soares\u201d antes dele, um candidato vindo de um partido, mas isento e independente; as cr\u00edticas que faz ao PSD podem afetar a sua base mais natural de apoio, mas isso s\u00e3o <strong>custos<\/strong> que est\u00e1 disposto a pagar; e essas cr\u00edticas tamb\u00e9m o ajudam a <strong>alargar<\/strong> o eleitorado a que pode chegar, e que registar\u00e1 o seu <strong>\u201cbom senso\u201d<\/strong>. O partido de sempre vai registando as farpas sem as <strong>levar a peito<\/strong>: \u00e9 tempo de Marques Mendes lutar para chegar \u00e0 Presid\u00eancia e isso n\u00e3o produz \u201cmal estar\u201d num PSD que j\u00e1 se tinha habituado a um Marcelo Rebelo de Sousa que nem sempre deixou a pr\u00f3pria fam\u00edlia pol\u00edtica satisfeita.<\/p>\n<p>Lu\u00eds Montenegro tinha, ali\u00e1s, notado isso mesmo em maio, quando oficializou o mal guardado segredo do apoio do PSD a Marques Mendes:\u00a0\u201cTemos algu\u00e9m do nosso espa\u00e7o pol\u00edtico que \u00e9 um anterior presidente do PSD, uma pessoa altamente qualificada que n\u00f3s conhecemos muito bem e que o pa\u00eds tamb\u00e9m conhece bem e que apresenta caracter\u00edsticas que s\u00e3o muito consent\u00e2neas e adequadas ao exerc\u00edcio da fun\u00e7\u00e3o do Presidente da Rep\u00fablica\u201d, disse, ironizando depois: \u201cAt\u00e9 tem uma caracter\u00edstica que <strong>n\u00e3o \u00e9 propriamente a mais agrad\u00e1vel<\/strong> para o PSD\u201d \u2014 \u201c\u00c9 que nem sempre concorda com o PSD, mas isso \u00e9 uma das caracter\u00edsticas dos Presidentes da Rep\u00fablica que n\u00f3s j\u00e1 elegemos\u201d.<\/p>\n<p>A ideia foi sempre, por isso, frisar a independ\u00eancia e a neutralidade de Marques Mendes, que a campanha espera que doze anos de coment\u00e1rio pol\u00edtico possam ter ajudado a solidificar. Na rua, repete o candidato em v\u00e1rias entrevistas, dizem-lhe que \u00e9 \u201cisento\u201d e que critica a pr\u00f3pria fam\u00edlia pol\u00edtica. E \u00e9 isso que quer provar, num momento em que a maior cr\u00edtica dos advers\u00e1rios passa por essa associa\u00e7\u00e3o ao PSD, ainda para mais atual partido do poder (Andr\u00e9 Ventura j\u00e1 o acusou de ter feito uma <strong>\u201ctroca de favores\u201d<\/strong> com o PSD, tornando-se o \u201cmaior aliado\u201d de Lu\u00eds Montenegro no coment\u00e1rio televisivo, e conseguindo depois o seu apoio nas presidenciais).<\/p>\n","protected":false},"excerpt":{"rendered":"H\u00e1 20 anos, na \u00faltima corrida presidencial que protagonizou, M\u00e1rio Soares tentava assegurar que a sua \u201cindepend\u00eancia\u201d deitaria&hellip;\n","protected":false},"author":2,"featured_media":155621,"comment_status":"","ping_status":"","sticky":false,"template":"","format":"standard","meta":{"footnotes":""},"categories":[10],"tags":[27,28,1077,15,16,14,25,26,21,22,12,13,19,20,302,32,1076,23,24,33,17,18,29,30,31],"class_list":{"0":"post-155620","1":"post","2":"type-post","3":"status-publish","4":"format-standard","5":"has-post-thumbnail","7":"category-portugal","8":"tag-breaking-news","9":"tag-breakingnews","10":"tag-eleiu00e7u00f5es","11":"tag-featured-news","12":"tag-featurednews","13":"tag-headlines","14":"tag-latest-news","15":"tag-latestnews","16":"tag-main-news","17":"tag-mainnews","18":"tag-news","19":"tag-noticias","20":"tag-noticias-principais","21":"tag-noticiasprincipais","22":"tag-polu00edtica","23":"tag-portugal","24":"tag-presidenciais-2026","25":"tag-principais-noticias","26":"tag-principaisnoticias","27":"tag-pt","28":"tag-top-stories","29":"tag-topstories","30":"tag-ultimas","31":"tag-ultimas-noticias","32":"tag-ultimasnoticias"},"share_on_mastodon":{"url":"https:\/\/pubeurope.com\/@pt\/115566961161940838","error":""},"_links":{"self":[{"href":"https:\/\/www.europesays.com\/pt\/wp-json\/wp\/v2\/posts\/155620","targetHints":{"allow":["GET"]}}],"collection":[{"href":"https:\/\/www.europesays.com\/pt\/wp-json\/wp\/v2\/posts"}],"about":[{"href":"https:\/\/www.europesays.com\/pt\/wp-json\/wp\/v2\/types\/post"}],"author":[{"embeddable":true,"href":"https:\/\/www.europesays.com\/pt\/wp-json\/wp\/v2\/users\/2"}],"replies":[{"embeddable":true,"href":"https:\/\/www.europesays.com\/pt\/wp-json\/wp\/v2\/comments?post=155620"}],"version-history":[{"count":0,"href":"https:\/\/www.europesays.com\/pt\/wp-json\/wp\/v2\/posts\/155620\/revisions"}],"wp:featuredmedia":[{"embeddable":true,"href":"https:\/\/www.europesays.com\/pt\/wp-json\/wp\/v2\/media\/155621"}],"wp:attachment":[{"href":"https:\/\/www.europesays.com\/pt\/wp-json\/wp\/v2\/media?parent=155620"}],"wp:term":[{"taxonomy":"category","embeddable":true,"href":"https:\/\/www.europesays.com\/pt\/wp-json\/wp\/v2\/categories?post=155620"},{"taxonomy":"post_tag","embeddable":true,"href":"https:\/\/www.europesays.com\/pt\/wp-json\/wp\/v2\/tags?post=155620"}],"curies":[{"name":"wp","href":"https:\/\/api.w.org\/{rel}","templated":true}]}}