{"id":155628,"date":"2025-11-17T20:45:19","date_gmt":"2025-11-17T20:45:19","guid":{"rendered":"https:\/\/www.europesays.com\/pt\/155628\/"},"modified":"2025-11-17T20:45:19","modified_gmt":"2025-11-17T20:45:19","slug":"j-hope-do-bts-lanca-colecao-de-roupas-parte-da-minha-historia","status":"publish","type":"post","link":"https:\/\/www.europesays.com\/pt\/155628\/","title":{"rendered":"J-Hope, do BTS, lan\u00e7a cole\u00e7\u00e3o de roupas: &#8216;Parte da minha hist\u00f3ria&#8217;"},"content":{"rendered":"<p>O rapper <strong>J-Hope<\/strong>, integrante do <strong><a href=\"https:\/\/billboard.com.br\/artistas\/bts\/\" data-internallinksmanager029f6b8e52c=\"17\" title=\"BTS\" rel=\"nofollow noopener\" target=\"_blank\">BTS<\/a><\/strong>, divulgou uma novidade para os f\u00e3s nesta segunda-feira (17). Em parceria com a marca Human Made, ele lan\u00e7ou uma cole\u00e7\u00e3o de roupas.<\/p>\n<p>  VEJA TAMB\u00c9M<\/p>\n<p>    <a href=\"https:\/\/billboard.com.br\/s-coups-seventeen-embaixador-global-hugo-boss\/\" rel=\"nofollow noopener\" target=\"_blank\"><img loading=\"lazy\" decoding=\"async\" width=\"180\" height=\"180\" src=\"data:image\/svg+xml,%3Csvg%20xmlns=\" http:=\"\" class=\"attachment-theissue-thumbnail-x2 size-theissue-thumbnail-x2 wp-post-image\" alt=\"S.Coups, do SEVENTEEN\" data-lazy- data-lazy- data-lazy-src=\"https:\/\/www.europesays.com\/pt\/wp-content\/uploads\/2025\/11\/scoups-180x180.jpg\"\/><\/a><\/p>\n<p>\u201cTive a grande oportunidade de colaborar com uma marca que admiro profundamente h\u00e1 muito tempo. Comecei a trabalhar neste projeto com o Nigo no ano passado e, finalmente, criamos a \u2018HUMAN HOPE&#8217;\u201d, explicou J-Hope no Instagram.<\/p>\n<p>\u201cEsta cole\u00e7\u00e3o reflete verdadeiramente quem eu sou. Acredito que ser\u00e1 um grande marco e uma parte preciosa da minha hist\u00f3ria. Espero que todos gostem de v\u00ea-la ganhar vida!\u201d.<\/p>\n<p class=\"p1\">\ud83d\udcf2 <a href=\"https:\/\/www.whatsapp.com\/channel\/0029ValKuvo4dTnMRyrLrD0W\" target=\"_blank\" rel=\"noopener nofollow\"><b>K-POP NO WHATSAPP: Participe do canal da Billboard Brasil para not\u00edcias e entrevistas exclusivas!<\/b><b\/><\/a><\/p>\n<p>O <a href=\"https:\/\/billboard.com.br\/artistas\/bts\/\" data-internallinksmanager029f6b8e52c=\"17\" title=\"BTS\" rel=\"nofollow noopener\" target=\"_blank\">BTS<\/a> \u00e9 um grupo de K-pop e foi formado em 2013 por RM, Jin, J-Hope, SUGA, Jimin, V e <a href=\"https:\/\/billboard.com.br\/artistas\/jung-kook\/\" data-internallinksmanager029f6b8e52c=\"44\" title=\"Jung Kook\" rel=\"nofollow noopener\" target=\"_blank\">Jung Kook<\/a>. O septeto foi criado pela HYBE, anteriormente conhecida como Big Hit Entertainment, na Coreia do Sul.<\/p>\n<p>Eles j\u00e1 vieram ao Brasil algumas vezes. A visita mais recente do grupo foi em 2019, quando se apresentaram no Allianz Parque, em S\u00e3o Paulo, para mais de 90 mil pessoas. Na ocasi\u00e3o, eles gravaram um DVD, o \u201cWorld Tour Love Yourself\u201d.<\/p>\n<blockquote class=\"instagram-media\" style=\"background: #FFF; border: 0; border-radius: 3px; box-shadow: 0 0 1px 0 rgba(0,0,0,0.5),0 1px 10px 0 rgba(0,0,0,0.15); margin: 1px; max-width: 540px; min-width: 326px; padding: 0; width: calc(100% - 2px);\" data-instgrm-captioned=\"\" data-instgrm-permalink=\"https:\/\/www.instagram.com\/p\/DRJpTwdiqQw\/?utm_source=ig_embed&amp;utm_campaign=loading\" data-instgrm-version=\"14\">\n<\/blockquote>\n<p>\t\t\t\t\t\t\t\t\t\t\t\t\t\t\t\t\t\t\t\t\t\t\t\t\t\t\t\t\t\t\t\t\t\t\t<script async src=\"\/\/www.instagram.com\/embed.js\"><\/script><\/p>\n","protected":false},"excerpt":{"rendered":"O rapper J-Hope, integrante do BTS, divulgou uma novidade para os f\u00e3s nesta segunda-feira (17). Em parceria com&hellip;\n","protected":false},"author":2,"featured_media":155629,"comment_status":"","ping_status":"","sticky":false,"template":"","format":"standard","meta":{"footnotes":""},"categories":[141],"tags":[114,115,149,150,32,33],"class_list":{"0":"post-155628","1":"post","2":"type-post","3":"status-publish","4":"format-standard","5":"has-post-thumbnail","7":"category-musica","8":"tag-entertainment","9":"tag-entretenimento","10":"tag-music","11":"tag-musica","12":"tag-portugal","13":"tag-pt"},"share_on_mastodon":{"url":"https:\/\/pubeurope.com\/@pt\/115566996548028351","error":""},"_links":{"self":[{"href":"https:\/\/www.europesays.com\/pt\/wp-json\/wp\/v2\/posts\/155628","targetHints":{"allow":["GET"]}}],"collection":[{"href":"https:\/\/www.europesays.com\/pt\/wp-json\/wp\/v2\/posts"}],"about":[{"href":"https:\/\/www.europesays.com\/pt\/wp-json\/wp\/v2\/types\/post"}],"author":[{"embeddable":true,"href":"https:\/\/www.europesays.com\/pt\/wp-json\/wp\/v2\/users\/2"}],"replies":[{"embeddable":true,"href":"https:\/\/www.europesays.com\/pt\/wp-json\/wp\/v2\/comments?post=155628"}],"version-history":[{"count":0,"href":"https:\/\/www.europesays.com\/pt\/wp-json\/wp\/v2\/posts\/155628\/revisions"}],"wp:featuredmedia":[{"embeddable":true,"href":"https:\/\/www.europesays.com\/pt\/wp-json\/wp\/v2\/media\/155629"}],"wp:attachment":[{"href":"https:\/\/www.europesays.com\/pt\/wp-json\/wp\/v2\/media?parent=155628"}],"wp:term":[{"taxonomy":"category","embeddable":true,"href":"https:\/\/www.europesays.com\/pt\/wp-json\/wp\/v2\/categories?post=155628"},{"taxonomy":"post_tag","embeddable":true,"href":"https:\/\/www.europesays.com\/pt\/wp-json\/wp\/v2\/tags?post=155628"}],"curies":[{"name":"wp","href":"https:\/\/api.w.org\/{rel}","templated":true}]}}