{"id":155632,"date":"2025-11-17T20:48:12","date_gmt":"2025-11-17T20:48:12","guid":{"rendered":"https:\/\/www.europesays.com\/pt\/155632\/"},"modified":"2025-11-17T20:48:12","modified_gmt":"2025-11-17T20:48:12","slug":"saude-reforca-medidas-de-combate-as-arboviroses-prefeitura-da-cidade-do-rio-de-janeiro","status":"publish","type":"post","link":"https:\/\/www.europesays.com\/pt\/155632\/","title":{"rendered":"Sa\u00fade refor\u00e7a medidas de combate \u00e0s arboviroses &#8211; Prefeitura da Cidade do Rio de Janeiro"},"content":{"rendered":"<p>                     <img width=\"1620\" height=\"1080\"  src=\"https:\/\/www.europesays.com\/pt\/wp-content\/uploads\/2025\/11\/N8A3724.jpg\" class=\"attachment-post-thumbnail size-post-thumbnail wp-post-image lazyload\" alt=\"\" decoding=\"async\" fetchpriority=\"high\" \/>Oito bairros das zonas Sul, Norte e Oeste recebem as atividades dos agentes de vigil\u00e2ncia ambiental Foto: Edu Kapps\/SMS                  <\/p>\n<p>A Secretaria Municipal de Sa\u00fade (SMS) est\u00e1 intensificando as a\u00e7\u00f5es de preven\u00e7\u00e3o \u00e0s arboviroses (dengue, zika e chikungunya) e de controle vetorial em todo o munic\u00edpio. Com a programa\u00e7\u00e3o SVS na Rua, oito bairros das zonas Sul, Norte e Oeste recebem esta semana as atividades dos agentes de vigil\u00e2ncia ambiental em sa\u00fade.<\/p>\n<p>Nesta ter\u00e7a-feira (18\/11), o SVS na Rua vai acontecer nos bairros da Tijuca, Leme, Cascadura, Sant\u00edssimo e Campo Grande. J\u00e1 na quarta-feira (19), ser\u00e1 a vez do bairro de Santo Cruz, Tijuca, Piedade, Magalh\u00e3es Bastos .<\/p>\n<p>Este ano, at\u00e9 o dia 8 de novembro, foram feitas 10.444.770 visitas a im\u00f3veis para preven\u00e7\u00e3o e controle do Aedes aegypti e 1.458.181 recipientes que poderiam servir de criadouros de mosquitos foram tratados ou eliminados. Em 2024, foram realizadas 11,6 milh\u00f5es de vistorias em im\u00f3veis para controle e preven\u00e7\u00e3o de poss\u00edveis focos do mosquito, com elimina\u00e7\u00e3o ou tratamento de mais de 1,8 milh\u00e3o de recipientes.<\/p>\n<p>A SMS tamb\u00e9m realiza a\u00e7\u00f5es educativas e de mobiliza\u00e7\u00e3o social para orientar a popula\u00e7\u00e3o sobre as medidas para a preven\u00e7\u00e3o de arboviroses urbanas, visando despertar a responsabilidade sanit\u00e1ria individual e coletiva. Quando necess\u00e1rio, a popula\u00e7\u00e3o pode fazer pedidos de vistoria ou denunciar poss\u00edveis focos do mosquito pela Central 1746 de atendimento ao cidad\u00e3o da Prefeitura, pelo telefone ou site.<\/p>\n<p>Categoria: <\/p>\n<li>17 de novembro de 2025<\/li>\n<p>\t\t\t\t\tMarca\u00e7\u00f5es: <a href=\"https:\/\/prefeitura.rio\/tag\/arboviroses\/\" rel=\"tag nofollow noopener\" target=\"_blank\">arboviroses<\/a> <a href=\"https:\/\/prefeitura.rio\/tag\/chikungunya\/\" rel=\"tag nofollow noopener\" target=\"_blank\">chikungunya<\/a> <a href=\"https:\/\/prefeitura.rio\/tag\/dengue\/\" rel=\"tag nofollow noopener\" target=\"_blank\">dengue<\/a> <a href=\"https:\/\/prefeitura.rio\/tag\/svs-na-rua\/\" rel=\"tag nofollow noopener\" target=\"_blank\">SVS na Rua<\/a> <a href=\"https:\/\/prefeitura.rio\/tag\/zika\/\" rel=\"tag nofollow noopener\" target=\"_blank\">zika<\/a><\/p>\n","protected":false},"excerpt":{"rendered":"Oito bairros das zonas Sul, Norte e Oeste recebem as atividades dos agentes de vigil\u00e2ncia ambiental Foto: Edu&hellip;\n","protected":false},"author":2,"featured_media":155633,"comment_status":"","ping_status":"","sticky":false,"template":"","format":"standard","meta":{"footnotes":""},"categories":[86],"tags":[1889,5725,1891,116,32,33,117,33438,1892],"class_list":{"0":"post-155632","1":"post","2":"type-post","3":"status-publish","4":"format-standard","5":"has-post-thumbnail","7":"category-saude","8":"tag-arboviroses","9":"tag-chikungunya","10":"tag-dengue","11":"tag-health","12":"tag-portugal","13":"tag-pt","14":"tag-saude","15":"tag-svs-na-rua","16":"tag-zika"},"share_on_mastodon":{"url":"https:\/\/pubeurope.com\/@pt\/115567008486417322","error":""},"_links":{"self":[{"href":"https:\/\/www.europesays.com\/pt\/wp-json\/wp\/v2\/posts\/155632","targetHints":{"allow":["GET"]}}],"collection":[{"href":"https:\/\/www.europesays.com\/pt\/wp-json\/wp\/v2\/posts"}],"about":[{"href":"https:\/\/www.europesays.com\/pt\/wp-json\/wp\/v2\/types\/post"}],"author":[{"embeddable":true,"href":"https:\/\/www.europesays.com\/pt\/wp-json\/wp\/v2\/users\/2"}],"replies":[{"embeddable":true,"href":"https:\/\/www.europesays.com\/pt\/wp-json\/wp\/v2\/comments?post=155632"}],"version-history":[{"count":0,"href":"https:\/\/www.europesays.com\/pt\/wp-json\/wp\/v2\/posts\/155632\/revisions"}],"wp:featuredmedia":[{"embeddable":true,"href":"https:\/\/www.europesays.com\/pt\/wp-json\/wp\/v2\/media\/155633"}],"wp:attachment":[{"href":"https:\/\/www.europesays.com\/pt\/wp-json\/wp\/v2\/media?parent=155632"}],"wp:term":[{"taxonomy":"category","embeddable":true,"href":"https:\/\/www.europesays.com\/pt\/wp-json\/wp\/v2\/categories?post=155632"},{"taxonomy":"post_tag","embeddable":true,"href":"https:\/\/www.europesays.com\/pt\/wp-json\/wp\/v2\/tags?post=155632"}],"curies":[{"name":"wp","href":"https:\/\/api.w.org\/{rel}","templated":true}]}}