{"id":155640,"date":"2025-11-17T20:53:08","date_gmt":"2025-11-17T20:53:08","guid":{"rendered":"https:\/\/www.europesays.com\/pt\/155640\/"},"modified":"2025-11-17T20:53:08","modified_gmt":"2025-11-17T20:53:08","slug":"saudosismo-colonialista-mpla-considera-triviais-declaracoes-de-ventura","status":"publish","type":"post","link":"https:\/\/www.europesays.com\/pt\/155640\/","title":{"rendered":"&#8220;Saudosismo colonialista&#8221;. MPLA considera &#8220;triviais&#8221; declara\u00e7\u00f5es de Ventura"},"content":{"rendered":"<p>                O MPLA considerou hoje &#8220;triviais&#8221; as recentes declara\u00e7\u00f5es de Andr\u00e9 Ventura sobre Angola e seus governantes, e disse que alguns setores da sociedade portuguesa &#8220;ainda conservam algum saudosismo colonialista em rela\u00e7\u00e3o a Angola&#8221;.<\/p>\n<p>&#8220;Entendemos o contexto das declara\u00e7\u00f5es deste senhor (Andr\u00e9 Ventura)&#8221;, que s\u00e3o feitas em campanha eleitoral. &#8220;Para um l\u00edder populista isto \u00e9 absolutamente trivial, ataca tudo e todos e atacar Angola e a sua classe dirigente \u00e9 algo, efetivamente, que d\u00e1 muitos votos, ent\u00e3o, n\u00f3s compreendemos a necessidade que tem de usar Angola&#8221;, disse hoje o secret\u00e1rio para Informa\u00e7\u00e3o do Bureau Pol\u00edtico do MPLA, Esteves Hil\u00e1rio, quando questionado sobre as declara\u00e7\u00f5es do l\u00edder do Chega, Andr\u00e9 Ventura.<\/p>\n<p>\u00c0 margem da reuni\u00e3o plen\u00e1ria de hoje, o dirigente do Movimento Popular de Liberta\u00e7\u00e3o de Angola (MPLA, no poder desde 1975), afirmou, por outro lado, que &#8220;h\u00e1, em Portugal, infelizmente, alguns setores da sociedade que ainda conservam algum saudosismo colonialista em rela\u00e7\u00e3o a Angola&#8221;.<\/p>\n<p>Angola \u00e9 desde 11 de novembro de 1975 um pa\u00eds soberano, &#8220;toma as suas pr\u00f3prias decis\u00f5es, os seus rumos, acerta e erra, o que \u00e9 normal para qualquer pa\u00eds&#8221;, argumentou o pol\u00edtico do MPLA, referindo que Angola responde ao &#8220;saudosismo&#8221; com a sua soberania.<\/p>\n<p>&#8220;N\u00f3s respondemos a este saudosismo, de certos setores portugueses, com a nossa soberania. Portanto, os assuntos de Portugal pertencem aos portugueses e n\u00f3s pedimos que os assuntos de Angola deixem com os angolanos tamb\u00e9m&#8221;, rematou o tamb\u00e9m deputado do MPLA.<\/p>\n<p>O l\u00edder do Chega, Andr\u00e9 Ventura, criticou na semana passada as declara\u00e7\u00f5es do Presidente angolano sobre o colonialismo portugu\u00eas e a rea\u00e7\u00e3o de Marcelo Rebelo de Sousa, que quer ver condenada pelo parlamento.<\/p>\n<p>&#8220;Todos ouvimos o Presidente da Rep\u00fablica de Angola dizer que os portugueses escravizaram os angolanos durante 500 anos, dizer que a responsabilidade pelo atraso de Angola e de \u00c1frica \u00e9 dos portugueses, ouvimos isto de viva voz na presen\u00e7a do Presidente da Rep\u00fablica de Portugal. Isto \u00e9 inaceit\u00e1vel&#8221;, afirmou.<\/p>\n<p>Em declara\u00e7\u00f5es aos jornalistas na Assembleia da Rep\u00fablica, Andr\u00e9 Ventura disse que Marcelo Rebelo de Sousa esteve &#8220;aos abra\u00e7os com o Presidente de Angola, desvalorizou aquilo que disse o Presidente de Angola e disse que foi um grande marco na colabora\u00e7\u00e3o entre os dois pa\u00edses&#8221;.<\/p>\n<p>&#8220;N\u00e3o, n\u00e3o foi um grande marco, foi uma vergonha e uma humilha\u00e7\u00e3o para Portugal aquilo que aconteceu ontem (dia 11) por parte do Presidente angolano, e um Presidente portugu\u00eas digno ter-se-ia levantado e virado as costas e teria tido a capacidade de transmitir ao Presidente de Angola que n\u00f3s n\u00e3o aceitamos ser humilhados, que n\u00f3s n\u00e3o aceitamos ser vexados e que n\u00f3s n\u00e3o aceitamos que nenhum povo, e muito menos os corruptos do MPLA, possam dizer-nos como governar ou o que \u00e9 que n\u00f3s fizemos certo ou errado na nossa hist\u00f3ria&#8221;, defendeu.<\/p>\n<p>O presidente do Chega referia-se ao discurso de Jo\u00e3o Louren\u00e7o, nas cerim\u00f3nias do 50.\u00ba anivers\u00e1rio da independ\u00eancia de Angola, em Luanda, que contaram com a presen\u00e7a de Marcelo Rebelo de Sousa.<\/p>\n<p>Dirigindo-se &#8220;\u00e0 elite que governa em Angola&#8221;, o l\u00edder do Chega considerou que a &#8220;causa do atraso n\u00e3o \u00e9 o colonialismo portugu\u00eas, nem foi a hist\u00f3ria de Portugal&#8221;, mas sim &#8220;a corrup\u00e7\u00e3o de 50 anos, em que enriqueceram as elites para empobrecer os povos, e \u00e9 por isso que eles continuam a vir para a Europa&#8221;.<\/p>\n<p>Andr\u00e9 Ventura defendeu ainda que Portugal n\u00e3o pode continuar a pedir desculpa pelo seu passado, considerando que constitui uma &#8220;trai\u00e7\u00e3o ao povo portugu\u00eas&#8221;, e deve &#8220;orgulhar-se da sua Hist\u00f3ria&#8221;.<\/p>\n","protected":false},"excerpt":{"rendered":"O MPLA considerou hoje &#8220;triviais&#8221; as recentes declara\u00e7\u00f5es de Andr\u00e9 Ventura sobre Angola e seus governantes, e disse&hellip;\n","protected":false},"author":2,"featured_media":155641,"comment_status":"","ping_status":"","sticky":false,"template":"","format":"standard","meta":{"footnotes":""},"categories":[10],"tags":[27,28,15,16,14,25,26,21,22,12,13,19,20,32,23,24,33,420,421,17,18,29,30,31],"class_list":{"0":"post-155640","1":"post","2":"type-post","3":"status-publish","4":"format-standard","5":"has-post-thumbnail","7":"category-portugal","8":"tag-breaking-news","9":"tag-breakingnews","10":"tag-featured-news","11":"tag-featurednews","12":"tag-headlines","13":"tag-latest-news","14":"tag-latestnews","15":"tag-main-news","16":"tag-mainnews","17":"tag-news","18":"tag-noticias","19":"tag-noticias-principais","20":"tag-noticiasprincipais","21":"tag-portugal","22":"tag-principais-noticias","23":"tag-principaisnoticias","24":"tag-pt","25":"tag-rtp","26":"tag-rtp-noticias","27":"tag-top-stories","28":"tag-topstories","29":"tag-ultimas","30":"tag-ultimas-noticias","31":"tag-ultimasnoticias"},"share_on_mastodon":{"url":"https:\/\/pubeurope.com\/@pt\/115567028047689209","error":""},"_links":{"self":[{"href":"https:\/\/www.europesays.com\/pt\/wp-json\/wp\/v2\/posts\/155640","targetHints":{"allow":["GET"]}}],"collection":[{"href":"https:\/\/www.europesays.com\/pt\/wp-json\/wp\/v2\/posts"}],"about":[{"href":"https:\/\/www.europesays.com\/pt\/wp-json\/wp\/v2\/types\/post"}],"author":[{"embeddable":true,"href":"https:\/\/www.europesays.com\/pt\/wp-json\/wp\/v2\/users\/2"}],"replies":[{"embeddable":true,"href":"https:\/\/www.europesays.com\/pt\/wp-json\/wp\/v2\/comments?post=155640"}],"version-history":[{"count":0,"href":"https:\/\/www.europesays.com\/pt\/wp-json\/wp\/v2\/posts\/155640\/revisions"}],"wp:featuredmedia":[{"embeddable":true,"href":"https:\/\/www.europesays.com\/pt\/wp-json\/wp\/v2\/media\/155641"}],"wp:attachment":[{"href":"https:\/\/www.europesays.com\/pt\/wp-json\/wp\/v2\/media?parent=155640"}],"wp:term":[{"taxonomy":"category","embeddable":true,"href":"https:\/\/www.europesays.com\/pt\/wp-json\/wp\/v2\/categories?post=155640"},{"taxonomy":"post_tag","embeddable":true,"href":"https:\/\/www.europesays.com\/pt\/wp-json\/wp\/v2\/tags?post=155640"}],"curies":[{"name":"wp","href":"https:\/\/api.w.org\/{rel}","templated":true}]}}