{"id":155650,"date":"2025-11-17T21:02:04","date_gmt":"2025-11-17T21:02:04","guid":{"rendered":"https:\/\/www.europesays.com\/pt\/155650\/"},"modified":"2025-11-17T21:02:04","modified_gmt":"2025-11-17T21:02:04","slug":"sporting-interessado-em-jogador-do-alverca-ja-para-janeiro","status":"publish","type":"post","link":"https:\/\/www.europesays.com\/pt\/155650\/","title":{"rendered":"Sporting interessado em jogador do Alverca j\u00e1 para janeiro"},"content":{"rendered":"<p>&#8211; Advertisement &#8211;<\/p>\n<p><strong>O Sporting pode avan\u00e7ar para a contrata\u00e7\u00e3o de Alex Amorim j\u00e1 no mercado de janeiro. O jogador representa o Alverca.<\/strong><\/p>\n<p>Alex Amorim \u00e9 um dos nomes referenciados pelo Sporting para o mercado de janeiro. A informa\u00e7\u00e3o est\u00e1 a ser adiantada pela CNN Portugal. O jogador agrada \u00e0 estrutura da forma\u00e7\u00e3o de Alvalade, que procura dar mais refor\u00e7os a Rui Borges, para a disputa pelo tricampeonato.<\/p>\n<p>O brasileiro tem 20 anos e chegou ao Alverca no \u00faltimo mercado de transfer\u00eancias de ver\u00e3o, proveniente do Fortaleza. \u00c9 um dos destaques do conjunto de Cust\u00f3dio Castro e leva 13 encontros e um golo marcado. O seu contrato termina no ver\u00e3o de 2028.<\/p>\n<p>Alex Amorim tem um valor de mercado de um milh\u00e3o de euros. Recorde-se que o Sporting <a href=\"https:\/\/bolanarede.pt\/especial-bola-na-rede\/atualidade\/sporting-define-quantos-medios-quer-contratar-no-verao-ataque-ao-mercado-promete-ser-feroz\/\" target=\"_blank\" rel=\"noreferrer noopener nofollow\">tem planeado fazer altera\u00e7\u00f5es no seu meio campo<\/a>. <\/p>\n<blockquote class=\"twitter-tweet\" data-width=\"550\" data-dnt=\"true\">\n<p lang=\"pt\" dir=\"ltr\">\ud83d\udea8 Alex Amorim est\u00e1 referenciado pelo Sporting CP para ser refor\u00e7o em Janeiro, avan\u00e7a o jornalista Bruno Andrade na <a href=\"https:\/\/twitter.com\/cnnportugal?ref_src=twsrc%5Etfw\" rel=\"nofollow noopener\" target=\"_blank\">@cnnportugal<\/a>.<br \/>O m\u00e9dio de 20 anos soma 1 golo em 13 jogos pelo FC Alverca esta temporada. <a href=\"https:\/\/t.co\/p62VH1yq0s\" rel=\"nofollow\">pic.twitter.com\/p62VH1yq0s<\/a><\/p>\n<p>\u2014 Di\u00e1rio de Transfer\u00eancias (@DTransferencias) <a href=\"https:\/\/twitter.com\/DTransferencias\/status\/1990461300384895236?ref_src=twsrc%5Etfw\" rel=\"nofollow noopener\" target=\"_blank\">November 17, 2025<\/a><\/p><\/blockquote>\n<p><script async src=\"https:\/\/platform.twitter.com\/widgets.js\" charset=\"utf-8\"><\/script><\/p>\n","protected":false},"excerpt":{"rendered":"&#8211; Advertisement &#8211; O Sporting pode avan\u00e7ar para a contrata\u00e7\u00e3o de Alex Amorim j\u00e1 no mercado de janeiro.&hellip;\n","protected":false},"author":2,"featured_media":8415,"comment_status":"","ping_status":"","sticky":false,"template":"","format":"standard","meta":{"footnotes":""},"categories":[87],"tags":[33440,260,135,478,32,479,33,34,134],"class_list":{"0":"post-155650","1":"post","2":"type-post","3":"status-publish","4":"format-standard","5":"has-post-thumbnail","7":"category-desporto","8":"tag-alex-amorim","9":"tag-atualidade","10":"tag-desporto","11":"tag-destaques-bnr","12":"tag-portugal","13":"tag-primeira-liga","14":"tag-pt","15":"tag-sporting","16":"tag-sports"},"share_on_mastodon":{"url":"https:\/\/pubeurope.com\/@pt\/115567063499569703","error":""},"_links":{"self":[{"href":"https:\/\/www.europesays.com\/pt\/wp-json\/wp\/v2\/posts\/155650","targetHints":{"allow":["GET"]}}],"collection":[{"href":"https:\/\/www.europesays.com\/pt\/wp-json\/wp\/v2\/posts"}],"about":[{"href":"https:\/\/www.europesays.com\/pt\/wp-json\/wp\/v2\/types\/post"}],"author":[{"embeddable":true,"href":"https:\/\/www.europesays.com\/pt\/wp-json\/wp\/v2\/users\/2"}],"replies":[{"embeddable":true,"href":"https:\/\/www.europesays.com\/pt\/wp-json\/wp\/v2\/comments?post=155650"}],"version-history":[{"count":0,"href":"https:\/\/www.europesays.com\/pt\/wp-json\/wp\/v2\/posts\/155650\/revisions"}],"wp:featuredmedia":[{"embeddable":true,"href":"https:\/\/www.europesays.com\/pt\/wp-json\/wp\/v2\/media\/8415"}],"wp:attachment":[{"href":"https:\/\/www.europesays.com\/pt\/wp-json\/wp\/v2\/media?parent=155650"}],"wp:term":[{"taxonomy":"category","embeddable":true,"href":"https:\/\/www.europesays.com\/pt\/wp-json\/wp\/v2\/categories?post=155650"},{"taxonomy":"post_tag","embeddable":true,"href":"https:\/\/www.europesays.com\/pt\/wp-json\/wp\/v2\/tags?post=155650"}],"curies":[{"name":"wp","href":"https:\/\/api.w.org\/{rel}","templated":true}]}}