{"id":155675,"date":"2025-11-17T21:21:09","date_gmt":"2025-11-17T21:21:09","guid":{"rendered":"https:\/\/www.europesays.com\/pt\/155675\/"},"modified":"2025-11-17T21:21:09","modified_gmt":"2025-11-17T21:21:09","slug":"caiu-e-pegou-fogo-o-aviao-que-transportava-membros-do-governo-da-rd-congo-com-videos","status":"publish","type":"post","link":"https:\/\/www.europesays.com\/pt\/155675\/","title":{"rendered":"Caiu e pegou fogo o avi\u00e3o que transportava membros do Governo da RD Congo (com v\u00eddeos)"},"content":{"rendered":"<p>Caiu e pegou fogo esta segunda-feira, 17 de novembro, durante a aterragem, um avi\u00e3o que transportava membros do governo da Rep\u00fablica Democr\u00e1tica do Congo. <\/p>\n<p>Seguiam cerca de 20 pessoas a bordo, mas nenhuma ficou ferida.<\/p>\n<p>A aeronave, uma Embraer ERJ-145 da Airjet Angola, transportava o ministro da Minera\u00e7\u00e3o da RD Congo, Louis Watum Kabamba, e uma delega\u00e7\u00e3o de 17 funcion\u00e1rios. O voo fretado partiu da capital Kinshasa e tinha como destino Kolwezi, no sul do pa\u00eds.<\/p>\n<p>Durante a aterragem, na manh\u00e3 desta segunda-feira, o avi\u00e3o perdeu o controlo e incendiou-se ao sair da pista no Aeroporto de Kolwezi. Ao parar de barriga para baixo fora da pista, a zona da cauda pegou fogo.<\/p>\n","protected":false},"excerpt":{"rendered":"Caiu e pegou fogo esta segunda-feira, 17 de novembro, durante a aterragem, um avi\u00e3o que transportava membros do&hellip;\n","protected":false},"author":2,"featured_media":155676,"comment_status":"","ping_status":"","sticky":false,"template":"","format":"standard","meta":{"footnotes":""},"categories":[50],"tags":[1310,27,28,15,16,14,25,26,21,22,62,12,13,19,20,23,24,16776,17,18,29,30,31,63,64,65],"class_list":{"0":"post-155675","1":"post","2":"type-post","3":"status-publish","4":"format-standard","5":"has-post-thumbnail","7":"category-mundo","8":"tag-aviacao","9":"tag-breaking-news","10":"tag-breakingnews","11":"tag-featured-news","12":"tag-featurednews","13":"tag-headlines","14":"tag-latest-news","15":"tag-latestnews","16":"tag-main-news","17":"tag-mainnews","18":"tag-mundo","19":"tag-news","20":"tag-noticias","21":"tag-noticias-principais","22":"tag-noticiasprincipais","23":"tag-principais-noticias","24":"tag-principaisnoticias","25":"tag-republica-democratica-do-congo","26":"tag-top-stories","27":"tag-topstories","28":"tag-ultimas","29":"tag-ultimas-noticias","30":"tag-ultimasnoticias","31":"tag-world","32":"tag-world-news","33":"tag-worldnews"},"share_on_mastodon":{"url":"https:\/\/pubeurope.com\/@pt\/115567138226740237","error":""},"_links":{"self":[{"href":"https:\/\/www.europesays.com\/pt\/wp-json\/wp\/v2\/posts\/155675","targetHints":{"allow":["GET"]}}],"collection":[{"href":"https:\/\/www.europesays.com\/pt\/wp-json\/wp\/v2\/posts"}],"about":[{"href":"https:\/\/www.europesays.com\/pt\/wp-json\/wp\/v2\/types\/post"}],"author":[{"embeddable":true,"href":"https:\/\/www.europesays.com\/pt\/wp-json\/wp\/v2\/users\/2"}],"replies":[{"embeddable":true,"href":"https:\/\/www.europesays.com\/pt\/wp-json\/wp\/v2\/comments?post=155675"}],"version-history":[{"count":0,"href":"https:\/\/www.europesays.com\/pt\/wp-json\/wp\/v2\/posts\/155675\/revisions"}],"wp:featuredmedia":[{"embeddable":true,"href":"https:\/\/www.europesays.com\/pt\/wp-json\/wp\/v2\/media\/155676"}],"wp:attachment":[{"href":"https:\/\/www.europesays.com\/pt\/wp-json\/wp\/v2\/media?parent=155675"}],"wp:term":[{"taxonomy":"category","embeddable":true,"href":"https:\/\/www.europesays.com\/pt\/wp-json\/wp\/v2\/categories?post=155675"},{"taxonomy":"post_tag","embeddable":true,"href":"https:\/\/www.europesays.com\/pt\/wp-json\/wp\/v2\/tags?post=155675"}],"curies":[{"name":"wp","href":"https:\/\/api.w.org\/{rel}","templated":true}]}}