{"id":155681,"date":"2025-11-17T21:29:11","date_gmt":"2025-11-17T21:29:11","guid":{"rendered":"https:\/\/www.europesays.com\/pt\/155681\/"},"modified":"2025-11-17T21:29:11","modified_gmt":"2025-11-17T21:29:11","slug":"o-dia-de-cristina-ferreira-em-10-imagens-e-joao-monteiro-faz-parte-delas-secret-story","status":"publish","type":"post","link":"https:\/\/www.europesays.com\/pt\/155681\/","title":{"rendered":"O dia de Cristina Ferreira em 10 imagens. E Jo\u00e3o Monteiro faz parte delas &#8211; Secret Story"},"content":{"rendered":"<p>\n                    Veja as fotografias in\u00e9ditas partilhadas por Cristina Ferreira.\n                <\/p>\n<p>Cristina Ferreira partilhou no Instagram uma sele\u00e7\u00e3o de 10 imagens que marcaram aquilo que descreveu como \u00abuma segunda-feira fora da norma\u00bb.<\/p>\n<p>Numa legenda carregada de nostalgia, destacou a sexta fotografia, onde surgem elementos que lhe evocam mem\u00f3rias de inf\u00e2ncia: \u00abda porta da minha av\u00f3, e da \u00e1gua bebida num p\u00facaro de alum\u00ednio\u00bb.<\/p>\n<p>A apresentadora refletiu ainda sobre a import\u00e2ncia dos primeiros anos de vida, afirmando ter \u00abcada vez mais a certeza que os nossos primeiros 10 anos nos moldam o futuro\u00bb.<\/p>\n<p>Na \u00faltima imagem v\u00ea-se Jo\u00e3o Monteiro, namorado de Cristina Ferreira, no que parece ser uma das ruas da Ericeira, local onde ambos costumam caminhar.\u00a0<\/p>\n<p>Percorra a galeria de fotografias que prepar\u00e1mos para si com as imagens da segunda-feira da apresentadora.\u00a0<\/p>\n","protected":false},"excerpt":{"rendered":"Veja as fotografias in\u00e9ditas partilhadas por Cristina Ferreira. Cristina Ferreira partilhou no Instagram uma sele\u00e7\u00e3o de 10 imagens&hellip;\n","protected":false},"author":2,"featured_media":155682,"comment_status":"","ping_status":"","sticky":false,"template":"","format":"standard","meta":{"footnotes":""},"categories":[142],"tags":[18706,166,114,115,18705,6470,32,33,151,18704],"class_list":{"0":"post-155681","1":"post","2":"type-post","3":"status-publish","4":"format-standard","5":"has-post-thumbnail","7":"category-tv","8":"tag-bastidores-secret-story","9":"tag-cristina-ferreira","10":"tag-entertainment","11":"tag-entretenimento","12":"tag-entrevistas-concorrentes-tvi","13":"tag-joao-monteiro","14":"tag-portugal","15":"tag-pt","16":"tag-tv","17":"tag-vida-fora-da-casa"},"share_on_mastodon":{"url":"https:\/\/pubeurope.com\/@pt\/115567169720104749","error":""},"_links":{"self":[{"href":"https:\/\/www.europesays.com\/pt\/wp-json\/wp\/v2\/posts\/155681","targetHints":{"allow":["GET"]}}],"collection":[{"href":"https:\/\/www.europesays.com\/pt\/wp-json\/wp\/v2\/posts"}],"about":[{"href":"https:\/\/www.europesays.com\/pt\/wp-json\/wp\/v2\/types\/post"}],"author":[{"embeddable":true,"href":"https:\/\/www.europesays.com\/pt\/wp-json\/wp\/v2\/users\/2"}],"replies":[{"embeddable":true,"href":"https:\/\/www.europesays.com\/pt\/wp-json\/wp\/v2\/comments?post=155681"}],"version-history":[{"count":0,"href":"https:\/\/www.europesays.com\/pt\/wp-json\/wp\/v2\/posts\/155681\/revisions"}],"wp:featuredmedia":[{"embeddable":true,"href":"https:\/\/www.europesays.com\/pt\/wp-json\/wp\/v2\/media\/155682"}],"wp:attachment":[{"href":"https:\/\/www.europesays.com\/pt\/wp-json\/wp\/v2\/media?parent=155681"}],"wp:term":[{"taxonomy":"category","embeddable":true,"href":"https:\/\/www.europesays.com\/pt\/wp-json\/wp\/v2\/categories?post=155681"},{"taxonomy":"post_tag","embeddable":true,"href":"https:\/\/www.europesays.com\/pt\/wp-json\/wp\/v2\/tags?post=155681"}],"curies":[{"name":"wp","href":"https:\/\/api.w.org\/{rel}","templated":true}]}}