{"id":155701,"date":"2025-11-17T21:44:16","date_gmt":"2025-11-17T21:44:16","guid":{"rendered":"https:\/\/www.europesays.com\/pt\/155701\/"},"modified":"2025-11-17T21:44:16","modified_gmt":"2025-11-17T21:44:16","slug":"de-djavan-a-charlie-xcx-os-principais-lancamentos-musicais-da-semana-metropoles","status":"publish","type":"post","link":"https:\/\/www.europesays.com\/pt\/155701\/","title":{"rendered":"De Djavan a Charlie XCX: os principais lan\u00e7amentos musicais da semana &#8211; Metr\u00f3poles"},"content":{"rendered":"<ol>\n<li><a href=\"https:\/\/news.google.com\/rss\/articles\/CBMiuAFBVV95cUxNQ2Npb28wbFpYRml0NkJ0anp3anJSRTFKeVRLYUlOMXJXVXB4YXk5X2xRY3dGdTNiV1FmaDBjWjVCeE1hSU1zblQ1WHczODl4OF81dnZmTURVQkItUkRJaUhpdVJpSXBVYjBFTm5laUwzZlQ5YjBLamNwSEVDM3pQdzBfbXNSY19BVWd5ZW5GaFdQSEQ3NTNqc3g0djdSUHRWRmd4Y1BTUEVOODZ5V2NlQ0dhS3ZVZ1JY?oc=5\" target=\"_blank\" rel=\"nofollow noopener\">De Djavan a Charlie XCX: os principais lan\u00e7amentos musicais da semana<\/a>&nbsp;&nbsp;Metr\u00f3poles<\/li>\n<li><a href=\"https:\/\/news.google.com\/rss\/articles\/CBMihgJBVV95cUxQRWNnSUtQbjFGSENiR0pNc0JoQk1SSkE4bzlMZDdQMW9WVGdrRUNreUtQRFA1Mlc3ZmZ0cWdHTVNUQlRpSGF1X2p2NGpNU2Itdmo1dHhqU1o0Snp2ZDVQNTRDdGZFS2lnMWpPOEJOV3V0bm5LQnRITy1xRjhDOGFuSWVLUXFuYzEtVjY3UTJPemQ4MXZSNVBNeDhkdk53X01CR2s1Yzd1SnA1RTMxVEJQZWZ3cGg4WkpfNGtHS0FfZEw5cHlPNVdqQ2VJZjd0OE9HcW5oNkI3QndiUnpDczlEakVIYVlXTTRxOWZpTmlYNl9TdjM2UmpxWDdTVkN4TWE0S1g5ZFh30gGLAkFVX3lxTE82OXJBTGxyZ0NfMmtIdlpBbzQ5eFdYTHNUempfNVZwa25LT0swelFTTDY1Q3pSMEh4UGxsZkt2dFNqOXl0X3VmamdSVml2dEx0aG1nc2VMUTg3dThuTzJscEphdDE2d3ZFYW5oM0dCTnpRa3VXV1RjMXB3NWVWdy1WcE51M2lPRGhKU2szd0ZmV1BqVURfdjc3QUM4RmlzaGtRM2tTUW50YWlpMzNCYXg4Rk9GMEdMamhrR3pISXNkUVoxNjNldGFHSzdLcGxCWVNpLUlaRm5sM2U0SjVOWDZUYlY5XzhvNEpWRFlWLU1vMGJYMHJUZ3VPWkRJYm5PeVY0LURhZmNNaEl1RQ?oc=5\" target=\"_blank\" rel=\"nofollow noopener\">M\u00fasica nova para o fim de semana: a sequela de FKA Twigs, o regresso surpresa de Charli XCX e o homem que Bill Callahan deveria ser<\/a>&nbsp;&nbsp;Expresso<\/li>\n<li><a href=\"https:\/\/news.google.com\/rss\/articles\/CBMiiwFBVV95cUxPMElwdWVZelE1aExwRzdRREZka3c2aVI3enpLbnMtcFFJTWtoR0lpY0ZycTZyZ3dNc0U5RXlrWjJ3b0ZrX09wQTI0bm1EMUtaakxzbnJOeXVyNzE4OUVXVWQ0VGN3UmpNRXlETi1abWZiODlLLVM0cktpalJLZjNIRWRzWElOUWZyUkc0?oc=5\" target=\"_blank\" rel=\"nofollow noopener\">Enquete (14\/11): quais s\u00e3o os melhores lan\u00e7amentos da semana?<\/a>&nbsp;&nbsp;tracklist.com.br<\/li>\n<li><a href=\"https:\/\/news.google.com\/rss\/articles\/CBMif0FVX3lxTFAzcWJfZmlvRUhVT2pGdFVFaEJuQ1BvOFoxR0M3RkV1dTZDMi1GRWgtS1FOakh1OGJWanRiWXBHNjhDaGVxUXpXdWRkS2g0MWVFY3h0R0ZXZVM0N3BLX01XUDMtQ0c1YUNkME9Ma3NkZElFbVRLOFlWQlJRREItUEE?oc=5\" target=\"_blank\" rel=\"nofollow noopener\">Novidades da semana: Charli XCX, Lewis Capaldi, Meghan Trainor e mais<\/a>&nbsp;&nbsp;Na\u00e7\u00e3o da M\u00fasica<\/li>\n<li><a href=\"https:\/\/news.google.com\/rss\/articles\/CBMitwFBVV95cUxQNkFINmNJYzlwT256ei1INllaOXJ4aXJiakoydUE3Qm1Nb0plYW1MZzNhZUQ1V0dzUmVEcDdINWtWU3Bod1hKc2lGeFMzdm5NWGtsYXRaOE53YS02Vm95OTV3OFMwSUxxMjJzQTJTcW82ZzJ4ZXFoMGJwOGY1Y25hcHlCWEM4MmlKTFNZX3hiVjU3ZUM4Y1RBN3RTNEZlZ2JZRnpialozeFBybFg2UEx3YV9ManA4VTDSAbwBQVVfeXFMTndQZlJNS2JldWNyelgxWENLdXZ5eHBQZDZxSmZzZXhGQW56bDAyY1VhcHIyYXhaZEloa0pPMEZSTS1RRERpQTg5VFRuOXRFdEVRZUdob0lOYVZZbEQ5NjJhRU9acHdBQ3N1R0tfNDlndF9xX3BCdm1zOFFJX3UtX2VjZEhFZGtYckFfckxOYUszSU1DSzBSakxvN0RPVnNCTnozYmZDdHY1ZGRDQ3M4TUdyeVR6azYtb1ZqaW8?oc=5\" target=\"_blank\" rel=\"nofollow noopener\">Lan\u00e7amentos da semana: piseiro de Jo\u00e3o Gomes, \u201cImproviso\u201d de Djavan e a nova Charli XCX<\/a>&nbsp;&nbsp;Portal Leo Dias<\/li>\n<\/ol>\n","protected":false},"excerpt":{"rendered":"De Djavan a Charlie XCX: os principais lan\u00e7amentos musicais da semana&nbsp;&nbsp;Metr\u00f3poles M\u00fasica nova para o fim de semana:&hellip;\n","protected":false},"author":2,"featured_media":155702,"comment_status":"","ping_status":"","sticky":false,"template":"","format":"standard","meta":{"footnotes":""},"categories":[141],"tags":[114,115,149,150,32,33],"class_list":{"0":"post-155701","1":"post","2":"type-post","3":"status-publish","4":"format-standard","5":"has-post-thumbnail","7":"category-musica","8":"tag-entertainment","9":"tag-entretenimento","10":"tag-music","11":"tag-musica","12":"tag-portugal","13":"tag-pt"},"share_on_mastodon":{"url":"https:\/\/pubeurope.com\/@pt\/115567228606174412","error":""},"_links":{"self":[{"href":"https:\/\/www.europesays.com\/pt\/wp-json\/wp\/v2\/posts\/155701","targetHints":{"allow":["GET"]}}],"collection":[{"href":"https:\/\/www.europesays.com\/pt\/wp-json\/wp\/v2\/posts"}],"about":[{"href":"https:\/\/www.europesays.com\/pt\/wp-json\/wp\/v2\/types\/post"}],"author":[{"embeddable":true,"href":"https:\/\/www.europesays.com\/pt\/wp-json\/wp\/v2\/users\/2"}],"replies":[{"embeddable":true,"href":"https:\/\/www.europesays.com\/pt\/wp-json\/wp\/v2\/comments?post=155701"}],"version-history":[{"count":0,"href":"https:\/\/www.europesays.com\/pt\/wp-json\/wp\/v2\/posts\/155701\/revisions"}],"wp:featuredmedia":[{"embeddable":true,"href":"https:\/\/www.europesays.com\/pt\/wp-json\/wp\/v2\/media\/155702"}],"wp:attachment":[{"href":"https:\/\/www.europesays.com\/pt\/wp-json\/wp\/v2\/media?parent=155701"}],"wp:term":[{"taxonomy":"category","embeddable":true,"href":"https:\/\/www.europesays.com\/pt\/wp-json\/wp\/v2\/categories?post=155701"},{"taxonomy":"post_tag","embeddable":true,"href":"https:\/\/www.europesays.com\/pt\/wp-json\/wp\/v2\/tags?post=155701"}],"curies":[{"name":"wp","href":"https:\/\/api.w.org\/{rel}","templated":true}]}}