{"id":155710,"date":"2025-11-17T21:51:17","date_gmt":"2025-11-17T21:51:17","guid":{"rendered":"https:\/\/www.europesays.com\/pt\/155710\/"},"modified":"2025-11-17T21:51:17","modified_gmt":"2025-11-17T21:51:17","slug":"leao-xiv-encoraja-religiosos-a-fortalecerem-protecao-contra-toda-forma-de-abuso","status":"publish","type":"post","link":"https:\/\/www.europesays.com\/pt\/155710\/","title":{"rendered":"Le\u00e3o XIV encoraja religiosos a fortalecerem prote\u00e7\u00e3o contra toda forma de abuso"},"content":{"rendered":"<p>A mensagem do Papa foi dirigida aos participantes do encontro internacional que reflete sobre dignidade, preven\u00e7\u00e3o de abusos e miss\u00e3o da vida consagrada na promo\u00e7\u00e3o de ambientes seguros.&#13;\n<\/p>\n<p><b>Thulio Fonseca &#8211; Vatican News<\/b><\/p>\n<blockquote>\n<p>\u201cAprecio e encorajo o prop\u00f3sito de compartilhar experi\u00eancias e percursos de aprendizagem sobre como prevenir toda forma de abuso e sobre como prestar contas, com verdade e humildade, dos caminhos de prote\u00e7\u00e3o empreendidos. Exorto-os a levar adiante esse compromisso para que as comunidades se tornem cada vez mais exemplo de confian\u00e7a e de di\u00e1logo, onde cada pessoa seja respeitada, ouvida e valorizada.\u201d<\/p>\n<\/blockquote>\n<p>Com essas palavras, o Papa Le\u00e3o XIV dirigiu-se aos participantes do encontro \u201cConstruir comunidades que protegem a dignidade\u201d, promovido pela Pontif\u00edcia Comiss\u00e3o para a Tutela dos Menores, que se realiza em Roma de 17 a 19 de novembro. O workshop re\u00fane representantes de confer\u00eancias de religiosos e religiosas e de institutos de vida consagrada, apost\u00f3lica e contemplativa, com o objetivo de refletir e avan\u00e7ar na cria\u00e7\u00e3o de ambientes seguros dentro da Igreja.\u00a0<\/p>\n<p>A iniciativa re\u00fane participantes de vinte pa\u00edses e conta tamb\u00e9m com a presen\u00e7a do Dicast\u00e9rio para os Institutos de Vida Consagrada e Sociedades de Vida Apost\u00f3lica, e refor\u00e7a o car\u00e1ter global e sinodal do processo. O workshop marca tamb\u00e9m a primeira etapa de um caminho de escuta e acompanhamento m\u00fatuo que a Pontif\u00edcia Comiss\u00e3o para a Tutela dos Menores pretende promover. O processo culminar\u00e1 com a entrega do terceiro Relat\u00f3rio Anual, que ter\u00e1 foco especial na vida das comunidades religiosas e nos desafios relacionados a abusos de poder, de consci\u00eancia e sexuais.<\/p>\n<p>Promover comunidades que acolhem e protegem <\/p>\n<p>Na mensagem enviada aos participantes, o Papa destaca a import\u00e2ncia de fortalecer uma cultura global de tutela, que n\u00e3o se limite a protocolos, mas que brote do cora\u00e7\u00e3o da vida comunit\u00e1ria, e recorda que \u201ca dignidade \u00e9 dom de Deus, que criou o ser humano \u00e0 sua imagem e semelhan\u00e7a\u201d, e que essa dignidade n\u00e3o depende de m\u00e9ritos, realiza\u00e7\u00f5es ou condi\u00e7\u00f5es sociais, mas do amor origin\u00e1rio de Deus por cada pessoa.<\/p>\n<p>O Pont\u00edfice tamb\u00e9m observa que, mesmo quando o rosto humano est\u00e1 marcado pelo sofrimento, permanece nele \u201co reflexo da bondade do Criador, uma luz que nenhuma escurid\u00e3o pode apagar\u201d. Nesse sentido, o cuidado e a prote\u00e7\u00e3o, sobretudo dos mais vulner\u00e1veis, s\u00e3o express\u00e3o concreta desse olhar que reconhece o valor inalien\u00e1vel da vida. O tema do evento, afirma o Papa, toca especialmente o cora\u00e7\u00e3o, pois implica prevenir toda forma de abuso e promover espa\u00e7os onde menores e vulner\u00e1veis sejam sempre respeitados e escutados.<\/p>\n<p>A vida consagrada como casa de encontro <\/p>\n<p>Ao ressaltar o papel particular da vida consagrada na constru\u00e7\u00e3o de ambientes seguros, o Papa Le\u00e3o afirma que as comunidades religiosas s\u00e3o chamadas a ser \u201ccasa que acolhe e lugar de encontro e de gra\u00e7a\u201d. Quem segue Cristo nos votos de castidade, pobreza e obedi\u00eancia, sublinha o Pont\u00edfice, aprende que \u201co amor aut\u00eantico nasce do reconhecimento do pr\u00f3prio limite: do saber-se amado tamb\u00e9m na fraqueza, e \u00e9 justamente isso que torna poss\u00edvel amar os outros com respeito, delicadeza e cora\u00e7\u00e3o livre\u201d.<\/p>\n<p>Transpar\u00eancia, preven\u00e7\u00e3o e convers\u00e3o permanente <\/p>\n<p>O Santo Padre, em seu texto, renova o incentivo para que congrega\u00e7\u00f5es e institutos assumam com seriedade o trabalho de preven\u00e7\u00e3o e de responsabiliza\u00e7\u00e3o. \u201cCompartilhar experi\u00eancias, dificuldades e avan\u00e7os \u00e9 essencial para um caminho comum.\u201d O objetivo, destaca Le\u00e3o XIV, \u201c\u00e9 que as comunidades religiosas sejam exemplo de confian\u00e7a e de di\u00e1logo\u201d, onde cada pessoa, especialmente os menores, seja verdadeiramente respeitada e plenamente valorizada. E completou:<\/p>\n<blockquote>\n<p>\u201cOnde a justi\u00e7a \u00e9 vivida com miseric\u00f3rdia, a ferida se transforma em fresta de gra\u00e7a.\u201d<\/p>\n<\/blockquote>\n<p>Por fim, o Papa convida os participantes do encontro a continuar a coopera\u00e7\u00e3o com a Pontif\u00edcia Comiss\u00e3o para a Tutela dos Menores, organismo que \u201cpromove e acompanha com dedica\u00e7\u00e3o o caminho de crescimento da Igreja inteira na cultura da tutela\u201d.<\/p>\n","protected":false},"excerpt":{"rendered":"A mensagem do Papa foi dirigida aos participantes do encontro internacional que reflete sobre dignidade, preven\u00e7\u00e3o de abusos&hellip;\n","protected":false},"author":2,"featured_media":155711,"comment_status":"","ping_status":"","sticky":false,"template":"","format":"standard","meta":{"footnotes":""},"categories":[50],"tags":[11973,27,28,15,16,14,25,26,21,22,1129,62,12,13,19,20,6668,811,23,24,32793,17,18,29,30,31,5598,63,64,65],"class_list":{"0":"post-155710","1":"post","2":"type-post","3":"status-publish","4":"format-standard","5":"has-post-thumbnail","7":"category-mundo","8":"tag-abusos","9":"tag-breaking-news","10":"tag-breakingnews","11":"tag-featured-news","12":"tag-featurednews","13":"tag-headlines","14":"tag-latest-news","15":"tag-latestnews","16":"tag-main-news","17":"tag-mainnews","18":"tag-mensagem","19":"tag-mundo","20":"tag-news","21":"tag-noticias","22":"tag-noticias-principais","23":"tag-noticiasprincipais","24":"tag-ordens-religiosas","25":"tag-papa-leao-xiv","26":"tag-principais-noticias","27":"tag-principaisnoticias","28":"tag-protecao-menores","29":"tag-top-stories","30":"tag-topstories","31":"tag-ultimas","32":"tag-ultimas-noticias","33":"tag-ultimasnoticias","34":"tag-vaticano","35":"tag-world","36":"tag-world-news","37":"tag-worldnews"},"share_on_mastodon":{"url":"https:\/\/pubeurope.com\/@pt\/115567256172425696","error":""},"_links":{"self":[{"href":"https:\/\/www.europesays.com\/pt\/wp-json\/wp\/v2\/posts\/155710","targetHints":{"allow":["GET"]}}],"collection":[{"href":"https:\/\/www.europesays.com\/pt\/wp-json\/wp\/v2\/posts"}],"about":[{"href":"https:\/\/www.europesays.com\/pt\/wp-json\/wp\/v2\/types\/post"}],"author":[{"embeddable":true,"href":"https:\/\/www.europesays.com\/pt\/wp-json\/wp\/v2\/users\/2"}],"replies":[{"embeddable":true,"href":"https:\/\/www.europesays.com\/pt\/wp-json\/wp\/v2\/comments?post=155710"}],"version-history":[{"count":0,"href":"https:\/\/www.europesays.com\/pt\/wp-json\/wp\/v2\/posts\/155710\/revisions"}],"wp:featuredmedia":[{"embeddable":true,"href":"https:\/\/www.europesays.com\/pt\/wp-json\/wp\/v2\/media\/155711"}],"wp:attachment":[{"href":"https:\/\/www.europesays.com\/pt\/wp-json\/wp\/v2\/media?parent=155710"}],"wp:term":[{"taxonomy":"category","embeddable":true,"href":"https:\/\/www.europesays.com\/pt\/wp-json\/wp\/v2\/categories?post=155710"},{"taxonomy":"post_tag","embeddable":true,"href":"https:\/\/www.europesays.com\/pt\/wp-json\/wp\/v2\/tags?post=155710"}],"curies":[{"name":"wp","href":"https:\/\/api.w.org\/{rel}","templated":true}]}}