{"id":155712,"date":"2025-11-17T21:52:08","date_gmt":"2025-11-17T21:52:08","guid":{"rendered":"https:\/\/www.europesays.com\/pt\/155712\/"},"modified":"2025-11-17T21:52:08","modified_gmt":"2025-11-17T21:52:08","slug":"camara-de-gaia-quer-proibir-estacionamento-na-faixa-da-antiga-ciclovia","status":"publish","type":"post","link":"https:\/\/www.europesays.com\/pt\/155712\/","title":{"rendered":"C\u00e2mara de Gaia quer proibir estacionamento na faixa da antiga ciclovia"},"content":{"rendered":"<p>O presidente da C\u00e2mara de Gaia, Lu\u00eds Filipe Menezes, prepara-se para anular as posturas municipais de tr\u00e2nsito que regulam a exist\u00eancia de uma ciclovia na Avenida da Rep\u00fablica, depois de ter iniciado a retirada da faixa cicl\u00e1vel j\u00e1 contestada judicialmente pela associa\u00e7\u00e3o MUBi. Em algumas zonas do antigo percurso para ciclistas (j\u00e1 desmantelado), o espa\u00e7o livre passou a ser ocupado por autom\u00f3veis estacionados.<\/p>\n","protected":false},"excerpt":{"rendered":"O presidente da C\u00e2mara de Gaia, Lu\u00eds Filipe Menezes, prepara-se para anular as posturas municipais de tr\u00e2nsito que&hellip;\n","protected":false},"author":2,"featured_media":155713,"comment_status":"","ping_status":"","sticky":false,"template":"","format":"standard","meta":{"footnotes":""},"categories":[10],"tags":[33449,27,28,29296,19635,15,16,14,25,26,21,22,18526,12,13,19,20,32,23,24,33,17,18,29,30,31],"class_list":{"0":"post-155712","1":"post","2":"type-post","3":"status-publish","4":"format-standard","5":"has-post-thumbnail","7":"category-portugal","8":"tag-avenida-da-republica","9":"tag-breaking-news","10":"tag-breakingnews","11":"tag-ciclovia","12":"tag-concelho-vila-nova-de-gaia","13":"tag-featured-news","14":"tag-featurednews","15":"tag-headlines","16":"tag-latest-news","17":"tag-latestnews","18":"tag-main-news","19":"tag-mainnews","20":"tag-mubi","21":"tag-news","22":"tag-noticias","23":"tag-noticias-principais","24":"tag-noticiasprincipais","25":"tag-portugal","26":"tag-principais-noticias","27":"tag-principaisnoticias","28":"tag-pt","29":"tag-top-stories","30":"tag-topstories","31":"tag-ultimas","32":"tag-ultimas-noticias","33":"tag-ultimasnoticias"},"share_on_mastodon":{"url":"https:\/\/pubeurope.com\/@pt\/115567259998534889","error":""},"_links":{"self":[{"href":"https:\/\/www.europesays.com\/pt\/wp-json\/wp\/v2\/posts\/155712","targetHints":{"allow":["GET"]}}],"collection":[{"href":"https:\/\/www.europesays.com\/pt\/wp-json\/wp\/v2\/posts"}],"about":[{"href":"https:\/\/www.europesays.com\/pt\/wp-json\/wp\/v2\/types\/post"}],"author":[{"embeddable":true,"href":"https:\/\/www.europesays.com\/pt\/wp-json\/wp\/v2\/users\/2"}],"replies":[{"embeddable":true,"href":"https:\/\/www.europesays.com\/pt\/wp-json\/wp\/v2\/comments?post=155712"}],"version-history":[{"count":0,"href":"https:\/\/www.europesays.com\/pt\/wp-json\/wp\/v2\/posts\/155712\/revisions"}],"wp:featuredmedia":[{"embeddable":true,"href":"https:\/\/www.europesays.com\/pt\/wp-json\/wp\/v2\/media\/155713"}],"wp:attachment":[{"href":"https:\/\/www.europesays.com\/pt\/wp-json\/wp\/v2\/media?parent=155712"}],"wp:term":[{"taxonomy":"category","embeddable":true,"href":"https:\/\/www.europesays.com\/pt\/wp-json\/wp\/v2\/categories?post=155712"},{"taxonomy":"post_tag","embeddable":true,"href":"https:\/\/www.europesays.com\/pt\/wp-json\/wp\/v2\/tags?post=155712"}],"curies":[{"name":"wp","href":"https:\/\/api.w.org\/{rel}","templated":true}]}}