{"id":155716,"date":"2025-11-17T21:57:19","date_gmt":"2025-11-17T21:57:19","guid":{"rendered":"https:\/\/www.europesays.com\/pt\/155716\/"},"modified":"2025-11-17T21:57:19","modified_gmt":"2025-11-17T21:57:19","slug":"estou-saturado-intriguista-uma-sonsa-falsa-goncalo-quinaz-arrasa-concorrente-do-secret-story-9-tvi","status":"publish","type":"post","link":"https:\/\/www.europesays.com\/pt\/155716\/","title":{"rendered":"\u00abEstou saturado. Intriguista, uma sonsa falsa\u2026\u00bb: Gon\u00e7alo Quinaz arrasa concorrente do \u00abSecret Story 9\u00bb &#8211; TVI"},"content":{"rendered":"<ol>\n<li><a href=\"https:\/\/news.google.com\/rss\/articles\/CBMi6AFBVV95cUxPTllFdkRhWUtHZHVWVzYtRlhnNk5mdi1ycjR2ZjJ2aVI3bExwYzY4M25xQ1BJV3l5NWxwYWh1bF9PdlYxdW02M2xtU0g3WUFrLTBwZnpjclVNM2lzd3dxYzVhWnh2UGFYcVJTZUFIVzhKdUFOcHU1VGctZC1pQkp0MS14cVBPN0tpUXNNMHd4eV8xMGZiaHB3a2RiTjcyYXV4TlFhUjBYVHExemstRDRhMWRkaEdoLXRhRUhmX2FZbjBrZWJJczcyZTdiM2VSMXRFVEJxanZLR0twOGcyQ0N4WTNqU1dIT2pr?oc=5\" target=\"_blank\" rel=\"nofollow noopener\">\u00abEstou saturado. Intriguista, uma sonsa falsa\u2026\u00bb: Gon\u00e7alo Quinaz arrasa concorrente do \u00abSecret Story 9\u00bb<\/a>&nbsp;&nbsp;TVI<\/li>\n<li><a href=\"https:\/\/news.google.com\/rss\/articles\/CBMilgFBVV95cUxQWThrUmFhZkRmMzVwT215RnlFZEM1NjY5STJOT0pOODRVY2ZiTmVYdUtaZEFGMTUta0pQYzBXZkdPVHd1aFUyejQwNXl1Tll3cUJIVkkzOWcyNW1SOU5iZldUVHdNeWZ0RDNtbVdTUEMwR1NkWDBZUE56Tjk4cnowampMS3JmcFdEM3hwa25hNkdPNTNjcnc?oc=5\" target=\"_blank\" rel=\"nofollow noopener\">Gala do \u2018Secret Story\u2019 promete \u201cteste\u201d \u00e0s alian\u00e7as e decis\u00f5es importantes<\/a>&nbsp;&nbsp;Hiper Fm<\/li>\n<li><a href=\"https:\/\/news.google.com\/rss\/articles\/CBMimAFBVV95cUxNdHV5ay1TQUtFQUpCLXYyTEhOdnVjWFhQRmlkMVBWVU9BaWozT3RLZkdVeklnbnJLQWY4YmJ0Z0pIbzM4NFVJVnI2SUw3dDRRN1Q1STh0dEhUeWxaQXVmSzhhNzIzTE0zdThzWWJQNDAxcjlhb1Y2WXVmT0FKc3JwcnFibUxBYmV1WG5EbW5hdEhuNGVpalM4MA?oc=5\" target=\"_blank\" rel=\"nofollow noopener\">Casa dos Segredos: A Voz prepara momento ins\u00f3lito na prova da imunidade<\/a>&nbsp;&nbsp;Dioguinho<\/li>\n<li><a href=\"https:\/\/news.google.com\/rss\/articles\/CBMitwFBVV95cUxNVTk5QVppR0JTRlBkWHc2TDR1VXZIejU3SjVjcGpfVUk0aVRzU1NJM1p3ajQwSVVCRnBKV0xjSC00TUtqdWR6RWhaOHNGSFNKejZiMmpPb19BdjVDM3ZJSGNOZDRxM3UxNkhwNjlOMC11ZkRvbGFLdnVicExUZUZUSXFSYUVRby01MF9jUlZqV09rdFBXNGc3UnVIdkRDNmUzNVZCaV9jRGdHd3B5REFGd2tYNnQyOFU?oc=5\" target=\"_blank\" rel=\"nofollow noopener\">Casa dos Segredos: Surpresa! Este \u00e9 o concorrente expulso este domingo<\/a>&nbsp;&nbsp;SAPO<\/li>\n<li><a href=\"https:\/\/news.google.com\/rss\/articles\/CBMi0wFBVV95cUxPN2QzUERkU1lDdFZBNUlNZ2tCZVRDQ0QxUFQwc2xDbzBISkdCYkFzSkZCcV9Pd0p6MU9xc3pOckY5Y0QtLS1FMVN0TThBc2cxNkpud1NtbTdVa2pRZ2dfbWxad08zTlItc2dJam9ob0szNkhLTmp2aGlnOGF5MXRFb081dW5PNVZyUUxrV0ZSd3dmeDI5b3BaOFVNU0cwNHEwTF9tN2JYSkpBaWVjMjZqRnNlX24xdFVRY0VmT2Y1aFBKU2JHTFptZlVzRFI3YmY1RTBJ?oc=5\" target=\"_blank\" rel=\"nofollow noopener\">Ana Cristina anuncia que se vai propor a ser doadora de medula \u00f3ssea do filho de convidados do &#8216;Dois \u00e0s 10&#8217;<\/a>&nbsp;&nbsp;A Televis\u00e3o<\/li>\n<\/ol>\n","protected":false},"excerpt":{"rendered":"\u00abEstou saturado. Intriguista, uma sonsa falsa\u2026\u00bb: Gon\u00e7alo Quinaz arrasa concorrente do \u00abSecret Story 9\u00bb&nbsp;&nbsp;TVI Gala do \u2018Secret Story\u2019&hellip;\n","protected":false},"author":2,"featured_media":155717,"comment_status":"","ping_status":"","sticky":false,"template":"","format":"standard","meta":{"footnotes":""},"categories":[142],"tags":[329,166,3412,3406,3409,801,3410,3411,3407,3408,114,115,7089,3413,338,32,33,16686,151],"class_list":{"0":"post-155716","1":"post","2":"type-post","3":"status-publish","4":"format-standard","5":"has-post-thumbnail","7":"category-tv","8":"tag-claudio-ramos","9":"tag-cristina-ferreira","10":"tag-dois-10","11":"tag-dois-a-s-10-dois-a-s-10","12":"tag-dois-a-s-dez","13":"tag-dois-as-10","14":"tag-dois-as-dez","15":"tag-dois-dez","16":"tag-doisas10","17":"tag-doisasdez","18":"tag-entertainment","19":"tag-entretenimento","20":"tag-goncalo-quinaz","21":"tag-manha-tvi","22":"tag-maria-botelho-moniz","23":"tag-portugal","24":"tag-pt","25":"tag-secret-story-9","26":"tag-tv"},"share_on_mastodon":{"url":"https:\/\/pubeurope.com\/@pt\/115567279837207657","error":""},"_links":{"self":[{"href":"https:\/\/www.europesays.com\/pt\/wp-json\/wp\/v2\/posts\/155716","targetHints":{"allow":["GET"]}}],"collection":[{"href":"https:\/\/www.europesays.com\/pt\/wp-json\/wp\/v2\/posts"}],"about":[{"href":"https:\/\/www.europesays.com\/pt\/wp-json\/wp\/v2\/types\/post"}],"author":[{"embeddable":true,"href":"https:\/\/www.europesays.com\/pt\/wp-json\/wp\/v2\/users\/2"}],"replies":[{"embeddable":true,"href":"https:\/\/www.europesays.com\/pt\/wp-json\/wp\/v2\/comments?post=155716"}],"version-history":[{"count":0,"href":"https:\/\/www.europesays.com\/pt\/wp-json\/wp\/v2\/posts\/155716\/revisions"}],"wp:featuredmedia":[{"embeddable":true,"href":"https:\/\/www.europesays.com\/pt\/wp-json\/wp\/v2\/media\/155717"}],"wp:attachment":[{"href":"https:\/\/www.europesays.com\/pt\/wp-json\/wp\/v2\/media?parent=155716"}],"wp:term":[{"taxonomy":"category","embeddable":true,"href":"https:\/\/www.europesays.com\/pt\/wp-json\/wp\/v2\/categories?post=155716"},{"taxonomy":"post_tag","embeddable":true,"href":"https:\/\/www.europesays.com\/pt\/wp-json\/wp\/v2\/tags?post=155716"}],"curies":[{"name":"wp","href":"https:\/\/api.w.org\/{rel}","templated":true}]}}